{"id":6643,"date":"2026-04-29T18:14:50","date_gmt":"2026-04-29T16:14:50","guid":{"rendered":"https:\/\/www.cepdivin.org\/?p=6643"},"modified":"2026-04-29T18:29:35","modified_gmt":"2026-04-29T16:29:35","slug":"pepe-jimenez-retour-a-jerez","status":"publish","type":"post","link":"https:\/\/www.cepdivin.org\/?p=6643","title":{"rendered":"Pepe Jim\u00e9nez, retour \u00e0 Jerez"},"content":{"rendered":"<p><em>Souvenir Facebook 20 avril 2019<\/em><\/p>\n<p>Intercambio cultural entre Jerez y Burdeos. Para leer y beber. (<span class=\"html-span xdj266r x14z9mp xat24cr x1lziwak xexx8yu xyri2b x18d9i69 x1c1uobl x1hl2dhg x16tdsg8 x1vvkbs\"><span class=\"xt0psk2\"><span class=\"xjp7ctv\">Pepe Jim\u00e9nez)<\/span><\/span><\/span><\/p>\n<p>Merci \u00e0 <span class=\"html-span xdj266r x14z9mp xat24cr x1lziwak xexx8yu xyri2b x18d9i69 x1c1uobl x1hl2dhg x16tdsg8 x1vvkbs\"><span class=\"xt0psk2\"><span class=\"xjp7ctv\">Pepe Jim\u00e9nez<\/span><\/span><\/span>\u00a0pour cette photo qui prouve que tout va bien&#8230; et que le voyage de retour \u00e0 Jerez s&#8217;est bien pass\u00e9 !<a href=\"https:\/\/www.cepdivin.org\/wp-content\/uploads\/2026\/04\/pepe-jimenez-2019-04-29.jpg\" target=\"_blank\" rel=\"noopener\"><img loading=\"lazy\" decoding=\"async\" class=\"aligncenter size-large wp-image-6644\" src=\"https:\/\/www.cepdivin.org\/wp-content\/uploads\/2026\/04\/pepe-jimenez-2019-04-29-1024x768.jpg\" alt=\"\" width=\"660\" height=\"495\" srcset=\"https:\/\/www.cepdivin.org\/wp-content\/uploads\/2026\/04\/pepe-jimenez-2019-04-29-1024x768.jpg 1024w, https:\/\/www.cepdivin.org\/wp-content\/uploads\/2026\/04\/pepe-jimenez-2019-04-29-300x225.jpg 300w, https:\/\/www.cepdivin.org\/wp-content\/uploads\/2026\/04\/pepe-jimenez-2019-04-29-768x576.jpg 768w, https:\/\/www.cepdivin.org\/wp-content\/uploads\/2026\/04\/pepe-jimenez-2019-04-29-600x450.jpg 600w, https:\/\/www.cepdivin.org\/wp-content\/uploads\/2026\/04\/pepe-jimenez-2019-04-29-1536x1152.jpg 1536w, https:\/\/www.cepdivin.org\/wp-content\/uploads\/2026\/04\/pepe-jimenez-2019-04-29-700x525.jpg 700w, https:\/\/www.cepdivin.org\/wp-content\/uploads\/2026\/04\/pepe-jimenez-2019-04-29-332x249.jpg 332w, https:\/\/www.cepdivin.org\/wp-content\/uploads\/2026\/04\/pepe-jimenez-2019-04-29.jpg 2048w\" sizes=\"auto, (max-width: 660px) 100vw, 660px\" \/><\/a><\/p>\n","protected":false},"excerpt":{"rendered":"<p>Souvenir Facebook 20 avril 2019 Intercambio cultural entre Jerez y Burdeos. Para leer y beber. (Pepe Jim\u00e9nez) Merci \u00e0 Pepe Jim\u00e9nez\u00a0pour cette photo qui prouve que tout va bien&#8230; et que le voyage de retour \u00e0 Jerez s&#8217;est bien pass\u00e9 !<\/p>\n","protected":false},"author":1,"featured_media":6644,"comment_status":"open","ping_status":"open","sticky":false,"template":"","format":"standard","meta":{"footnotes":""},"categories":[16,28,26],"tags":[159],"class_list":["post-6643","post","type-post","status-publish","format-standard","has-post-thumbnail","hentry","category-degustations-litteraires","category-lactu-des-membres","category-cepdivin-asso","tag-jerez","column","onecol","has-thumbnail"],"_links":{"self":[{"href":"https:\/\/www.cepdivin.org\/index.php?rest_route=\/wp\/v2\/posts\/6643","targetHints":{"allow":["GET"]}}],"collection":[{"href":"https:\/\/www.cepdivin.org\/index.php?rest_route=\/wp\/v2\/posts"}],"about":[{"href":"https:\/\/www.cepdivin.org\/index.php?rest_route=\/wp\/v2\/types\/post"}],"author":[{"embeddable":true,"href":"https:\/\/www.cepdivin.org\/index.php?rest_route=\/wp\/v2\/users\/1"}],"replies":[{"embeddable":true,"href":"https:\/\/www.cepdivin.org\/index.php?rest_route=%2Fwp%2Fv2%2Fcomments&post=6643"}],"version-history":[{"count":4,"href":"https:\/\/www.cepdivin.org\/index.php?rest_route=\/wp\/v2\/posts\/6643\/revisions"}],"predecessor-version":[{"id":6655,"href":"https:\/\/www.cepdivin.org\/index.php?rest_route=\/wp\/v2\/posts\/6643\/revisions\/6655"}],"wp:featuredmedia":[{"embeddable":true,"href":"https:\/\/www.cepdivin.org\/index.php?rest_route=\/wp\/v2\/media\/6644"}],"wp:attachment":[{"href":"https:\/\/www.cepdivin.org\/index.php?rest_route=%2Fwp%2Fv2%2Fmedia&parent=6643"}],"wp:term":[{"taxonomy":"category","embeddable":true,"href":"https:\/\/www.cepdivin.org\/index.php?rest_route=%2Fwp%2Fv2%2Fcategories&post=6643"},{"taxonomy":"post_tag","embeddable":true,"href":"https:\/\/www.cepdivin.org\/index.php?rest_route=%2Fwp%2Fv2%2Ftags&post=6643"}],"curies":[{"name":"wp","href":"https:\/\/api.w.org\/{rel}","templated":true}]}}