{"id":6532,"date":"2026-03-13T13:14:56","date_gmt":"2026-03-13T12:14:56","guid":{"rendered":"https:\/\/www.cepdivin.org\/?p=6532"},"modified":"2026-03-13T13:49:25","modified_gmt":"2026-03-13T12:49:25","slug":"poesie-dans-les-chais-mars-sept-2026","status":"publish","type":"post","link":"https:\/\/www.cepdivin.org\/?p=6532","title":{"rendered":"Po\u00e9sie dans les chais mars \/ sept. 2026"},"content":{"rendered":"\n\n<h1>Le festival &#8220;Po\u00e9sie dans les chais&#8221;<\/h1>\n<h2>25-28 mars 2026 &amp; 23-27 septembre 2026<\/h2>\n<p>Au programme cette ann\u00e9e : du cin\u00e9ma, de la danse, des lectures, de la performance et des ateliers. Et du vin, \u00e9videmment !\u00a0<\/p>\n\n\n<figure class=\"wp-block-gallery has-nested-images columns-default is-cropped wp-block-gallery-1 is-layout-flex wp-block-gallery-is-layout-flex\">\n<figure data-wp-context=\"{&quot;imageId&quot;:&quot;69f26362b84c6&quot;}\" data-wp-interactive=\"core\/image\" data-wp-key=\"69f26362b84c6\" class=\"wp-block-image size-large wp-lightbox-container\"><img loading=\"lazy\" decoding=\"async\" width=\"819\" height=\"1024\" data-wp-class--hide=\"state.isContentHidden\" data-wp-class--show=\"state.isContentVisible\" data-wp-init=\"callbacks.setButtonStyles\" data-wp-on--click=\"actions.showLightbox\" data-wp-on--load=\"callbacks.setButtonStyles\" data-wp-on-window--resize=\"callbacks.setButtonStyles\" data-id=\"6533\" src=\"https:\/\/www.cepdivin.org\/wp-content\/uploads\/2026\/03\/poesie-dans-les-chais-mars-sept-2026-819x1024.jpg\" alt=\"\" class=\"wp-image-6533\" srcset=\"https:\/\/www.cepdivin.org\/wp-content\/uploads\/2026\/03\/poesie-dans-les-chais-mars-sept-2026-819x1024.jpg 819w, https:\/\/www.cepdivin.org\/wp-content\/uploads\/2026\/03\/poesie-dans-les-chais-mars-sept-2026-240x300.jpg 240w, https:\/\/www.cepdivin.org\/wp-content\/uploads\/2026\/03\/poesie-dans-les-chais-mars-sept-2026-768x960.jpg 768w, https:\/\/www.cepdivin.org\/wp-content\/uploads\/2026\/03\/poesie-dans-les-chais-mars-sept-2026-600x750.jpg 600w, https:\/\/www.cepdivin.org\/wp-content\/uploads\/2026\/03\/poesie-dans-les-chais-mars-sept-2026-1228x1536.jpg 1228w, https:\/\/www.cepdivin.org\/wp-content\/uploads\/2026\/03\/poesie-dans-les-chais-mars-sept-2026-700x875.jpg 700w, https:\/\/www.cepdivin.org\/wp-content\/uploads\/2026\/03\/poesie-dans-les-chais-mars-sept-2026-332x415.jpg 332w, https:\/\/www.cepdivin.org\/wp-content\/uploads\/2026\/03\/poesie-dans-les-chais-mars-sept-2026.jpg 1350w\" sizes=\"auto, (max-width: 819px) 100vw, 819px\" \/><button\n\t\t\tclass=\"lightbox-trigger\"\n\t\t\ttype=\"button\"\n\t\t\taria-haspopup=\"dialog\"\n\t\t\taria-label=\"Agrandir\"\n\t\t\tdata-wp-init=\"callbacks.initTriggerButton\"\n\t\t\tdata-wp-on--click=\"actions.showLightbox\"\n\t\t\tdata-wp-style--right=\"state.imageButtonRight\"\n\t\t\tdata-wp-style--top=\"state.imageButtonTop\"\n\t\t>\n\t\t\t<svg xmlns=\"http:\/\/www.w3.org\/2000\/svg\" width=\"12\" height=\"12\" fill=\"none\" viewBox=\"0 0 12 12\">\n\t\t\t\t<path fill=\"#fff\" d=\"M2 0a2 2 0 0 0-2 2v2h1.5V2a.5.5 0 0 1 .5-.5h2V0H2Zm2 10.5H2a.5.5 0 0 1-.5-.5V8H0v2a2 2 0 0 0 2 2h2v-1.5ZM8 12v-1.5h2a.5.5 0 0 0 .5-.5V8H12v2a2 2 0 0 1-2 2H8Zm2-12a2 2 0 0 1 2 2v2h-1.5V2a.5.5 0 0 0-.5-.5H8V0h2Z\" \/>\n\t\t\t<\/svg>\n\t\t<\/button><\/figure>\n\n\n\n<figure data-wp-context=\"{&quot;imageId&quot;:&quot;69f26362b89ca&quot;}\" data-wp-interactive=\"core\/image\" data-wp-key=\"69f26362b89ca\" class=\"wp-block-image size-large wp-lightbox-container\"><img loading=\"lazy\" decoding=\"async\" width=\"819\" height=\"1024\" data-wp-class--hide=\"state.isContentHidden\" data-wp-class--show=\"state.isContentVisible\" data-wp-init=\"callbacks.setButtonStyles\" data-wp-on--click=\"actions.showLightbox\" data-wp-on--load=\"callbacks.setButtonStyles\" data-wp-on-window--resize=\"callbacks.setButtonStyles\" data-id=\"6534\" src=\"https:\/\/www.cepdivin.org\/wp-content\/uploads\/2026\/03\/poesie-dans-les-chais-mars-2026-819x1024.jpg\" alt=\"\" class=\"wp-image-6534\" srcset=\"https:\/\/www.cepdivin.org\/wp-content\/uploads\/2026\/03\/poesie-dans-les-chais-mars-2026-819x1024.jpg 819w, https:\/\/www.cepdivin.org\/wp-content\/uploads\/2026\/03\/poesie-dans-les-chais-mars-2026-240x300.jpg 240w, https:\/\/www.cepdivin.org\/wp-content\/uploads\/2026\/03\/poesie-dans-les-chais-mars-2026-768x960.jpg 768w, https:\/\/www.cepdivin.org\/wp-content\/uploads\/2026\/03\/poesie-dans-les-chais-mars-2026-600x750.jpg 600w, https:\/\/www.cepdivin.org\/wp-content\/uploads\/2026\/03\/poesie-dans-les-chais-mars-2026-700x875.jpg 700w, https:\/\/www.cepdivin.org\/wp-content\/uploads\/2026\/03\/poesie-dans-les-chais-mars-2026-332x415.jpg 332w, https:\/\/www.cepdivin.org\/wp-content\/uploads\/2026\/03\/poesie-dans-les-chais-mars-2026.jpg 1080w\" sizes=\"auto, (max-width: 819px) 100vw, 819px\" \/><button\n\t\t\tclass=\"lightbox-trigger\"\n\t\t\ttype=\"button\"\n\t\t\taria-haspopup=\"dialog\"\n\t\t\taria-label=\"Agrandir\"\n\t\t\tdata-wp-init=\"callbacks.initTriggerButton\"\n\t\t\tdata-wp-on--click=\"actions.showLightbox\"\n\t\t\tdata-wp-style--right=\"state.imageButtonRight\"\n\t\t\tdata-wp-style--top=\"state.imageButtonTop\"\n\t\t>\n\t\t\t<svg xmlns=\"http:\/\/www.w3.org\/2000\/svg\" width=\"12\" height=\"12\" fill=\"none\" viewBox=\"0 0 12 12\">\n\t\t\t\t<path fill=\"#fff\" d=\"M2 0a2 2 0 0 0-2 2v2h1.5V2a.5.5 0 0 1 .5-.5h2V0H2Zm2 10.5H2a.5.5 0 0 1-.5-.5V8H0v2a2 2 0 0 0 2 2h2v-1.5ZM8 12v-1.5h2a.5.5 0 0 0 .5-.5V8H12v2a2 2 0 0 1-2 2H8Zm2-12a2 2 0 0 1 2 2v2h-1.5V2a.5.5 0 0 0-.5-.5H8V0h2Z\" \/>\n\t\t\t<\/svg>\n\t\t<\/button><\/figure>\n<\/figure>\n","protected":false},"excerpt":{"rendered":"<p>Le festival &#8220;Po\u00e9sie dans les chais&#8221; 25-28 mars 2026 &amp; 23-27 septembre 2026 Au programme cette ann\u00e9e : du cin\u00e9ma, de la danse, des lectures, de la performance et des ateliers. Et du vin, \u00e9videmment !\u00a0<\/p>\n","protected":false},"author":1,"featured_media":6537,"comment_status":"open","ping_status":"open","sticky":true,"template":"","format":"standard","meta":{"footnotes":""},"categories":[20,370],"tags":[220,12,308],"class_list":["post-6532","post","type-post","status-publish","format-standard","has-post-thumbnail","hentry","category-au-fil-du-net","category-spectacle","tag-jurancon-2","tag-litterature","tag-poesie","column","onecol","has-thumbnail"],"_links":{"self":[{"href":"https:\/\/www.cepdivin.org\/index.php?rest_route=\/wp\/v2\/posts\/6532","targetHints":{"allow":["GET"]}}],"collection":[{"href":"https:\/\/www.cepdivin.org\/index.php?rest_route=\/wp\/v2\/posts"}],"about":[{"href":"https:\/\/www.cepdivin.org\/index.php?rest_route=\/wp\/v2\/types\/post"}],"author":[{"embeddable":true,"href":"https:\/\/www.cepdivin.org\/index.php?rest_route=\/wp\/v2\/users\/1"}],"replies":[{"embeddable":true,"href":"https:\/\/www.cepdivin.org\/index.php?rest_route=%2Fwp%2Fv2%2Fcomments&post=6532"}],"version-history":[{"count":5,"href":"https:\/\/www.cepdivin.org\/index.php?rest_route=\/wp\/v2\/posts\/6532\/revisions"}],"predecessor-version":[{"id":6541,"href":"https:\/\/www.cepdivin.org\/index.php?rest_route=\/wp\/v2\/posts\/6532\/revisions\/6541"}],"wp:featuredmedia":[{"embeddable":true,"href":"https:\/\/www.cepdivin.org\/index.php?rest_route=\/wp\/v2\/media\/6537"}],"wp:attachment":[{"href":"https:\/\/www.cepdivin.org\/index.php?rest_route=%2Fwp%2Fv2%2Fmedia&parent=6532"}],"wp:term":[{"taxonomy":"category","embeddable":true,"href":"https:\/\/www.cepdivin.org\/index.php?rest_route=%2Fwp%2Fv2%2Fcategories&post=6532"},{"taxonomy":"post_tag","embeddable":true,"href":"https:\/\/www.cepdivin.org\/index.php?rest_route=%2Fwp%2Fv2%2Ftags&post=6532"}],"curies":[{"name":"wp","href":"https:\/\/api.w.org\/{rel}","templated":true}]}}