{"id":5777,"date":"2017-03-25T09:52:03","date_gmt":"2017-03-25T08:52:03","guid":{"rendered":"http:\/\/www.cepdivin.org\/?p=5777"},"modified":"2017-05-13T23:25:32","modified_gmt":"2017-05-13T21:25:32","slug":"exposition-jean-claude-pirotte-enveloppes-aquarelles","status":"publish","type":"post","link":"https:\/\/www.cepdivin.org\/?p=5777","title":{"rendered":"Exposition | Jean-Claude Pirotte : enveloppes &#038; aquarelles"},"content":{"rendered":"<h1 style=\"text-align: justify;\">Exposition d&#8217;enveloppes et d&#8217;aquarelles.<\/h1>\n<h3 style=\"text-align: justify;\">Jusqu&#8217;au 30 mars 2017 dans le cadre du Printemps des po\u00e8tes, un hommage est rendu \u00e0 Jean-Claude Pirotte \u00e0 la M\u00e9diath\u00e8que de Carvin.<\/h3>\n<figure id=\"attachment_5780\" aria-describedby=\"caption-attachment-5780\" style=\"width: 300px\" class=\"wp-caption alignleft\"><a href=\"http:\/\/www.cepdivin.org\/wp-content\/uploads\/2017\/03\/enveloppes-pirotte.jpg\" target=\"_blank\"><img loading=\"lazy\" decoding=\"async\" class=\"wp-image-5780 size-medium\" src=\"http:\/\/www.cepdivin.org\/wp-content\/uploads\/2017\/03\/enveloppes-pirotte-300x225.jpg\" alt=\"Jean-Claude Pirotte, Enveloppes avec aquarelles. Collection priv\u00e9e.\" width=\"300\" height=\"225\" srcset=\"https:\/\/www.cepdivin.org\/wp-content\/uploads\/2017\/03\/enveloppes-pirotte-300x225.jpg 300w, https:\/\/www.cepdivin.org\/wp-content\/uploads\/2017\/03\/enveloppes-pirotte-768x576.jpg 768w, https:\/\/www.cepdivin.org\/wp-content\/uploads\/2017\/03\/enveloppes-pirotte-1024x768.jpg 1024w, https:\/\/www.cepdivin.org\/wp-content\/uploads\/2017\/03\/enveloppes-pirotte-600x450.jpg 600w, https:\/\/www.cepdivin.org\/wp-content\/uploads\/2017\/03\/enveloppes-pirotte-700x525.jpg 700w, https:\/\/www.cepdivin.org\/wp-content\/uploads\/2017\/03\/enveloppes-pirotte-332x249.jpg 332w, https:\/\/www.cepdivin.org\/wp-content\/uploads\/2017\/03\/enveloppes-pirotte.jpg 2000w\" sizes=\"auto, (max-width: 300px) 100vw, 300px\" \/><\/a><figcaption id=\"caption-attachment-5780\" class=\"wp-caption-text\">Jean-Claude Pirotte, Enveloppes avec aquarelles. Collection priv\u00e9e. \u00a9 Photo ATC<\/figcaption><\/figure>\n<blockquote>\n<p style=\"text-align: justify;\">Jusqu&#8217;\u00e0 sa mort, dans la nuit du vendredi 23 au samedi 24 mai 2014, Jean-Claude Pirotte, \u00e9crivain, po\u00e8te et peintre, a entretenu une nombreuse correspondance. Ce sont des milliers de lettres manuscrites qui ont \u00e9t\u00e9 envoy\u00e9es dans des enveloppes toujours personnalis\u00e9es et tr\u00e8s souvent d\u00e9cor\u00e9es d&#8217;une aquarelle.<\/p>\n<p style=\"text-align: justify;\">L&#8217;exposition organis\u00e9e \u00e0 la M\u00e9diath\u00e8que de Carvin (Hauts-de-France), \u00e0 l&#8217;initiative de Sylvie Doizelet (derni\u00e8re compagne de l&#8217;\u00e9crivain) rend compte d&#8217;une activit\u00e9 quotidienne, essentielle pour lui &#8211; pour nous, par laquelle Jean-Claude Pirotte restait toujours reli\u00e9 au monde et \u00e0 ses amis. On l&#8217;imaginait dans quelque &#8220;bistro lointain&#8221; (&#8220;Du bistro on ne voit pas les si\u00e8cles passer&#8221; \u00e9crivait-il dans ses <em>Contes bleus du vin<\/em>). Sous les ciels de Charentes, \u00e0 Aragon sur les pentes de\u00a0la Montagne Noire, o\u00f9 sur celles du Revermont \u00e0 Arbois, sur les rives de la mer du nord&#8230; Toujours ailleurs, et toujours pr\u00e9sent. Signes de vie, d&#8217;amiti\u00e9. (Amancio Tenaguillo y Cort\u00e1zar)<\/p>\n<\/blockquote>\n<p style=\"text-align: justify;\"><iframe loading=\"lazy\" src=\"http:\/\/www.creacast.com\/play.php?pt=vod&amp;furl=iltv.creacast.tv\/files\/journal\/2017_03_22_journal\/PRINTEMPS DES POETES 2017.mp4\" width=\"600\" height=\"338\" frameborder=\"0\" scrolling=\"no\" allowfullscreen=\"allowfullscreen\"><\/iframe><\/p>\n<p style=\"text-align: justify;\">Source de la vid\u00e9o :\u00a0<a href=\"http:\/\/www.iltv.fr\/videos\/1340\/venez-decouvrir-jean-claude-pirotte.html\" target=\"_blank\">http:\/\/www.iltv.fr\/videos\/1340\/venez-decouvrir-jean-claude-pirotte.html<\/a><\/p>\n<p><strong>Liens sur\u00a0Jean-Claude Pirotte \u00e9crivain &amp; peintre :<\/strong><\/p>\n<ul>\n<li><a href=\"http:\/\/marincazaou.pagesperso-orange.fr\/cont\/pirotte\/noir_rouge.html\" target=\"_blank\">Exposition &#8220;Le noir et le rouge&#8221; (Grenoble 2006)<\/a><\/li>\n<li><a href=\"http:\/\/marincazaou.pagesperso-orange.fr\/cont\/pirotte\/expo_ferney_voltaire.html\" target=\"_blank\">Exposition \u00e0 Ferney-Voltaire (d\u00e9c. 2006)<\/a><\/li>\n<li><a href=\"http:\/\/www.cepdivin.org\/?s=Jean-Claude+Pirotte\" target=\"_blank\">Jean-Claude Pirotte sur cepdivin.org<\/a><\/li>\n<\/ul>\n<p>&nbsp;<\/p>\n","protected":false},"excerpt":{"rendered":"<p>Exposition d&#8217;enveloppes et d&#8217;aquarelles. Jusqu&#8217;au 30 mars 2017 dans le cadre du Printemps des po\u00e8tes, un hommage est rendu \u00e0 Jean-Claude Pirotte \u00e0 la M\u00e9diath\u00e8que de Carvin. Jusqu&#8217;\u00e0 sa mort, dans la nuit du vendredi 23 au samedi 24 mai 2014, Jean-Claude Pirotte, \u00e9crivain, po\u00e8te et peintre, a entretenu une &#8230;<\/p>\n","protected":false},"author":4,"featured_media":5780,"comment_status":"open","ping_status":"open","sticky":false,"template":"","format":"standard","meta":{"footnotes":""},"categories":[49,20],"tags":[303,12,297,308],"class_list":["post-5777","post","type-post","status-publish","format-standard","has-post-thumbnail","hentry","category-articles-en-ligne","category-au-fil-du-net","tag-jean-claude-pirotte","tag-litterature","tag-peinture","tag-poesie","column","onecol","has-thumbnail"],"_links":{"self":[{"href":"https:\/\/www.cepdivin.org\/index.php?rest_route=\/wp\/v2\/posts\/5777","targetHints":{"allow":["GET"]}}],"collection":[{"href":"https:\/\/www.cepdivin.org\/index.php?rest_route=\/wp\/v2\/posts"}],"about":[{"href":"https:\/\/www.cepdivin.org\/index.php?rest_route=\/wp\/v2\/types\/post"}],"author":[{"embeddable":true,"href":"https:\/\/www.cepdivin.org\/index.php?rest_route=\/wp\/v2\/users\/4"}],"replies":[{"embeddable":true,"href":"https:\/\/www.cepdivin.org\/index.php?rest_route=%2Fwp%2Fv2%2Fcomments&post=5777"}],"version-history":[{"count":9,"href":"https:\/\/www.cepdivin.org\/index.php?rest_route=\/wp\/v2\/posts\/5777\/revisions"}],"predecessor-version":[{"id":5787,"href":"https:\/\/www.cepdivin.org\/index.php?rest_route=\/wp\/v2\/posts\/5777\/revisions\/5787"}],"wp:featuredmedia":[{"embeddable":true,"href":"https:\/\/www.cepdivin.org\/index.php?rest_route=\/wp\/v2\/media\/5780"}],"wp:attachment":[{"href":"https:\/\/www.cepdivin.org\/index.php?rest_route=%2Fwp%2Fv2%2Fmedia&parent=5777"}],"wp:term":[{"taxonomy":"category","embeddable":true,"href":"https:\/\/www.cepdivin.org\/index.php?rest_route=%2Fwp%2Fv2%2Fcategories&post=5777"},{"taxonomy":"post_tag","embeddable":true,"href":"https:\/\/www.cepdivin.org\/index.php?rest_route=%2Fwp%2Fv2%2Ftags&post=5777"}],"curies":[{"name":"wp","href":"https:\/\/api.w.org\/{rel}","templated":true}]}}