{"id":5449,"date":"2016-09-25T19:17:41","date_gmt":"2016-09-25T17:17:41","guid":{"rendered":"http:\/\/www.cepdivin.org\/?p=5449"},"modified":"2016-12-18T23:30:50","modified_gmt":"2016-12-18T22:30:50","slug":"parution-claude-andrzejewski-polonais","status":"publish","type":"post","link":"https:\/\/www.cepdivin.org\/?p=5449","title":{"rendered":"Parution | Claude Andrzejewski, Comme un polonais"},"content":{"rendered":"<h1 style=\"text-align: justify;\"><a href=\"http:\/\/www.cepdivin.org\/wp-content\/uploads\/2016\/09\/Claude-Andrzejewski-Comme-un-polonais.jpg\" target=\"_blank\"><img loading=\"lazy\" decoding=\"async\" class=\"alignleft wp-image-5450 size-medium\" src=\"http:\/\/www.cepdivin.org\/wp-content\/uploads\/2016\/09\/Claude-Andrzejewski-Comme-un-polonais-214x300.jpg\" alt=\"claude-andrzejewski-comme-un-polonais\" width=\"214\" height=\"300\" srcset=\"https:\/\/www.cepdivin.org\/wp-content\/uploads\/2016\/09\/Claude-Andrzejewski-Comme-un-polonais-214x300.jpg 214w, https:\/\/www.cepdivin.org\/wp-content\/uploads\/2016\/09\/Claude-Andrzejewski-Comme-un-polonais-768x1076.jpg 768w, https:\/\/www.cepdivin.org\/wp-content\/uploads\/2016\/09\/Claude-Andrzejewski-Comme-un-polonais-731x1024.jpg 731w, https:\/\/www.cepdivin.org\/wp-content\/uploads\/2016\/09\/Claude-Andrzejewski-Comme-un-polonais-600x840.jpg 600w, https:\/\/www.cepdivin.org\/wp-content\/uploads\/2016\/09\/Claude-Andrzejewski-Comme-un-polonais-700x981.jpg 700w, https:\/\/www.cepdivin.org\/wp-content\/uploads\/2016\/09\/Claude-Andrzejewski-Comme-un-polonais-332x465.jpg 332w, https:\/\/www.cepdivin.org\/wp-content\/uploads\/2016\/09\/Claude-Andrzejewski-Comme-un-polonais.jpg 1280w\" sizes=\"auto, (max-width: 214px) 100vw, 214px\" \/><\/a>Claude Andrzejewski, <em>Comme un polonais,\u00a0<\/em>La Dragonne, 2016, 116 p.<\/h1>\n<h2>Nouvelles<\/h2>\n<h3><\/h3>\n<p>&nbsp;<\/p>\n<h3 style=\"text-align: justify;\">&#8220;J\u2019aurais aim\u00e9 savoir boire mais j\u2019ai \u00e9chou\u00e9.&#8221; Tel est le constat de Claude Andrzejewski, dont Jean-Claude Pirotte fut le p\u00e8re spiritueux.<\/h3>\n<p>Et moi je me souviens de nuits sans fin<br \/>\navec Jean-Claude (Pirotte) et Claude (Andrzejewski) et <a class=\"profileLink\" href=\"https:\/\/www.facebook.com\/yves.charnet\" data-hovercard=\"\/ajax\/hovercard\/user.php?id=550914141\">Yves<\/a> (Charnet)&#8230;<br \/>\nQuand nous cherchions &#8220;le vin perdu de Montolieu&#8221;&#8230;<br \/>\nCette geste fraternelle,<br \/>\n&#8220;l\u00e9gende des petits matins&#8221; \u00a0au pied de la Montagne Noire<span class=\"text_exposed_show\"><br \/>\nJe me souviens du <a href=\"http:\/\/www.cepdivin.org\/pirotte\/pirotte2004.html\" target=\"_blank\">&#8220;vin des r\u00eaves&#8221;<\/a>&#8230;<br \/>\nCette histoire que nos \u00e9crivions&#8230;<\/span><\/p>\n<h3>Pr\u00e9sentation de l\u2019\u00e9diteur<\/h3>\n<p style=\"text-align: justify;\">&#8220;Saoul comme un Polonais&#8221; : l\u00e9gendaire expression. Quiconque\u00a0a bu plus que de raison en fut affubl\u00e9 un jour ou l\u2019autre.\u00a0Soit. Mais l\u2019ivrognerie n\u2019est pas qu\u2019une plaisanterie pour celui qui\u00a0a vraiment trop bu. A fortiori si ce dernier est venu au monde\u00a0dans une famille d\u2019origine polonaise o\u00f9 l\u2019on boit d\u2019une g\u00e9n\u00e9ration l\u2019autre.<\/p>\n<p style=\"text-align: justify;\">Peut-on \u00e9chapper \u00e0 un destin qui semble \u00e9crit \u00e0 l\u2019avance ?\u00a0C\u2019est l\u2019interrogation que soul\u00e8ve Claude Andrzejewski au fil de\u00a0ces r\u00e9cits m\u00e9lancoliques et teint\u00e9s d\u2019humour. O\u00f9 l\u2019on croisera\u00a0des femmes de caract\u00e8re : Madame Blanchard, mamie qui tient\u00a0un bistro de campagne, ou Kazia, la m\u00e8re de l\u2019auteur. Ainsi que\u00a0des hommes \u00e0 l\u2019identit\u00e9 trouble, piliers de bar, clochards parfois\u00a0c\u00e9lestes tel l\u2019\u00e9crivain Jean-Claude Pirotte, dont Claude Andrzejewski\u00a0fut le compagnon de route et \u00e0 qui il rend ici hommage\u00a0dans un texte poignant\u2026 Six nouvelles qui esquissent une autobiographie\u00a0fragment\u00e9e, rythm\u00e9e par l\u2019ivresse et ses m\u00e9andres.&#8221;<\/p>\n<p style=\"text-align: justify;\"><iframe src=\"\/\/docs.google.com\/viewer?url=http%3A%2F%2Fwww.cepdivin.org%2Fwp-content%2Fuploads%2F2016%2F09%2FClaude-Andrzejewski-Comme-un-polonais.pdf&hl=fr&embedded=true\" class=\"gde-frame\" style=\"width:100%; height:500px; border: none;\" scrolling=\"no\"><\/iframe>\n<p class=\"gde-text\"><a href=\"http:\/\/www.cepdivin.org\/wp-content\/uploads\/2016\/09\/Claude-Andrzejewski-Comme-un-polonais.pdf\" class=\"gde-link\">T\u00e9l\u00e9charger (PDF, 782KB)<\/a><\/p><\/p>\n<p><a href=\"http:\/\/www.editionsladragonne.com\/\" target=\"_blank\">www.editionsladragonne.com<\/a><\/p>\n<h3><\/h3>\n<h3>L\u2019auteur<\/h3>\n<p style=\"text-align: justify;\"><strong><a href=\"http:\/\/www.cepdivin.org\/wp-content\/uploads\/2016\/09\/Claude-Andrzejewski.jpg\" target=\"_blank\"><img loading=\"lazy\" decoding=\"async\" class=\"alignleft wp-image-5454 size-thumbnail\" src=\"http:\/\/www.cepdivin.org\/wp-content\/uploads\/2016\/09\/Claude-Andrzejewski-150x150.jpg\" alt=\"claude-andrzejewski\" width=\"150\" height=\"150\" srcset=\"https:\/\/www.cepdivin.org\/wp-content\/uploads\/2016\/09\/Claude-Andrzejewski-150x150.jpg 150w, https:\/\/www.cepdivin.org\/wp-content\/uploads\/2016\/09\/Claude-Andrzejewski-432x432.jpg 432w, https:\/\/www.cepdivin.org\/wp-content\/uploads\/2016\/09\/Claude-Andrzejewski-268x268.jpg 268w\" sizes=\"auto, (max-width: 150px) 100vw, 150px\" \/><\/a>Claude Andrzejewski\u00a0<\/strong>est n\u00e9 en 1967, et vit\u00a0dans le Marais poitevin. Com\u00e9dien et \u00e9crivain, il a publi\u00e9 aux \u00e9ditions La Dragonne :\u00a0<em>Une petite\u00a0tristesse<\/em> (2001), <a href=\"http:\/\/www.cepdivin.org\/actu\/parutions\/andrzejewski01.html\" target=\"_blank\"><em>Du vin, du vent<\/em><\/a> (2004)\u00a0et <em>Le Crieur de Saint-Herblain<\/em> (2012).<\/p>\n<p style=\"text-align: justify;\">Claude Andrzejewski est membre d&#8217;honneur de CEPDIVIN association.<\/p>\n<p style=\"text-align: justify;\">Pour en savoir plus : <a href=\"http:\/\/www.cepdivin.org\/?s=Claude+Andrzejewski\" target=\"_blank\">Claude Andrzejewski sur cepdivin.org<\/a><\/p>\n<h3>Revue de presse<\/h3>\n<ul>\n<li style=\"text-align: justify;\">Fr\u00e9d\u00e9ric Chef, &#8220;Comme un Polonais, de Claude Andrzejewski : Un tiers vodka, deux tiers cognac !&#8221;, [en ligne] <a href=\"http:\/\/salon-litteraire.linternaute.com\/fr\/roman\/content\/1941380-comme-un-polonais-de-claude-andrzejewski-un-tiers-vodka-deux-tiers-cognac\" target=\"_blank\">http:\/\/salon-litteraire.linternaute.com\/fr\/roman\/content\/1941380-comme-un-polonais-de-claude-andrzejewski-un-tiers-vodka-deux-tiers-cognac<\/a>\u00a0Consult\u00e9 le 25\/09\/2016.<\/li>\n<li style=\"text-align: justify;\">Comme un Polonais de Claude Andrzejewski, \u00a0[en ligne] <a href=\"http:\/\/www.critiqueslibres.com\/i.php\/vcrit\/48484\" target=\"_blank\">\u00a0http:\/\/www.critiqueslibres.com\/i.php\/vcrit\/48484<\/a> Mise en ligne :\u00a025\/06\/2016. Consult\u00e9 le 25\/09\/2016.<\/li>\n<\/ul>\n<div style=\"text-align: justify;\">\n<h3>Fiche technique<\/h3>\n<pre>AUTEUR : Andrzejewski, Claude\r\nTITRE : Comme un polonais\r\nEDITEUR : La Dragonne\r\nCOLLECTION : Grand Format\r\nFORMAT : Broch\u00e9, 21 cm \u00d7 15 cm x 1 cm, 116 pages\r\nEAN \/ ISBN 13 :  9782375840009\r\nPRIX PUBLIC : 15,00 Euros\r\nPARUTION : 13\/05\/2016<\/pre>\n<\/div>\n<p><iframe loading=\"lazy\" style=\"width: 120px; height: 240px;\" src=\"\/\/ws-eu.amazon-adsystem.com\/widgets\/q?ServiceVersion=20070822&amp;OneJS=1&amp;Operation=GetAdHtml&amp;MarketPlace=FR&amp;source=ss&amp;ref=as_ss_li_til&amp;ad_type=product_link&amp;tracking_id=cepdivin-21&amp;marketplace=amazon&amp;region=FR&amp;placement=2375840003&amp;asins=2375840003&amp;linkId=fa4bf3f95f1085e36c6243606d504052&amp;show_border=true&amp;link_opens_in_new_window=true\" width=\"300\" height=\"150\" frameborder=\"0\" marginwidth=\"0\" marginheight=\"0\" scrolling=\"no\"><\/iframe><\/p>\n","protected":false},"excerpt":{"rendered":"<p>Claude Andrzejewski, Comme un polonais,\u00a0La Dragonne, 2016, 116 p. Nouvelles &nbsp; &#8220;J\u2019aurais aim\u00e9 savoir boire mais j\u2019ai \u00e9chou\u00e9.&#8221; Tel est le constat de Claude Andrzejewski, dont Jean-Claude Pirotte fut le p\u00e8re spiritueux. Et moi je me souviens de nuits sans fin avec Jean-Claude (Pirotte) et Claude (Andrzejewski) et Yves (Charnet)&#8230; &#8230;<\/p>\n","protected":false},"author":4,"featured_media":5461,"comment_status":"open","ping_status":"open","sticky":false,"template":"","format":"standard","meta":{"footnotes":""},"categories":[15,28,30],"tags":[368,257,303,12],"class_list":["post-5449","post","type-post","status-publish","format-standard","has-post-thumbnail","hentry","category-cepdivin-actu","category-lactu-des-membres","category-parutions","tag-claude-andrzejewski","tag-ivresse","tag-jean-claude-pirotte","tag-litterature","column","onecol","has-thumbnail"],"_links":{"self":[{"href":"https:\/\/www.cepdivin.org\/index.php?rest_route=\/wp\/v2\/posts\/5449","targetHints":{"allow":["GET"]}}],"collection":[{"href":"https:\/\/www.cepdivin.org\/index.php?rest_route=\/wp\/v2\/posts"}],"about":[{"href":"https:\/\/www.cepdivin.org\/index.php?rest_route=\/wp\/v2\/types\/post"}],"author":[{"embeddable":true,"href":"https:\/\/www.cepdivin.org\/index.php?rest_route=\/wp\/v2\/users\/4"}],"replies":[{"embeddable":true,"href":"https:\/\/www.cepdivin.org\/index.php?rest_route=%2Fwp%2Fv2%2Fcomments&post=5449"}],"version-history":[{"count":12,"href":"https:\/\/www.cepdivin.org\/index.php?rest_route=\/wp\/v2\/posts\/5449\/revisions"}],"predecessor-version":[{"id":5463,"href":"https:\/\/www.cepdivin.org\/index.php?rest_route=\/wp\/v2\/posts\/5449\/revisions\/5463"}],"wp:featuredmedia":[{"embeddable":true,"href":"https:\/\/www.cepdivin.org\/index.php?rest_route=\/wp\/v2\/media\/5461"}],"wp:attachment":[{"href":"https:\/\/www.cepdivin.org\/index.php?rest_route=%2Fwp%2Fv2%2Fmedia&parent=5449"}],"wp:term":[{"taxonomy":"category","embeddable":true,"href":"https:\/\/www.cepdivin.org\/index.php?rest_route=%2Fwp%2Fv2%2Fcategories&post=5449"},{"taxonomy":"post_tag","embeddable":true,"href":"https:\/\/www.cepdivin.org\/index.php?rest_route=%2Fwp%2Fv2%2Ftags&post=5449"}],"curies":[{"name":"wp","href":"https:\/\/api.w.org\/{rel}","templated":true}]}}