{"id":5330,"date":"2016-08-30T10:31:09","date_gmt":"2016-08-30T08:31:09","guid":{"rendered":"http:\/\/www.cepdivin.org\/?p=5330"},"modified":"2016-10-16T17:59:40","modified_gmt":"2016-10-16T15:59:40","slug":"vins-de-jerez-series-americaines","status":"publish","type":"post","link":"https:\/\/www.cepdivin.org\/?p=5330","title":{"rendered":"Jos\u00e9 Luis Jim\u00e9nez | Les vins de Jerez dans les s\u00e9ries anglo-saxonnes"},"content":{"rendered":"<figure id=\"attachment_5335\" aria-describedby=\"caption-attachment-5335\" style=\"width: 729px\" class=\"wp-caption aligncenter\"><a href=\"http:\/\/www.cepdivin.org\/wp-content\/uploads\/2016\/08\/El-jerez-oloroso-de-Dios-Baco-en-la-serie-de-TV-Con-C-mayuscula.jpg\" target=\"_blank\"><img loading=\"lazy\" decoding=\"async\" class=\"wp-image-5335 size-full\" src=\"http:\/\/www.cepdivin.org\/wp-content\/uploads\/2016\/08\/El-jerez-oloroso-de-Dios-Baco-en-la-serie-de-TV-Con-C-mayuscula.jpg\" alt=\"El-jerez-oloroso-de-Dios-Baco-en-la-serie-de-TV-Con-C-mayuscula\" width=\"729\" height=\"512\" srcset=\"https:\/\/www.cepdivin.org\/wp-content\/uploads\/2016\/08\/El-jerez-oloroso-de-Dios-Baco-en-la-serie-de-TV-Con-C-mayuscula.jpg 729w, https:\/\/www.cepdivin.org\/wp-content\/uploads\/2016\/08\/El-jerez-oloroso-de-Dios-Baco-en-la-serie-de-TV-Con-C-mayuscula-300x211.jpg 300w, https:\/\/www.cepdivin.org\/wp-content\/uploads\/2016\/08\/El-jerez-oloroso-de-Dios-Baco-en-la-serie-de-TV-Con-C-mayuscula-600x421.jpg 600w, https:\/\/www.cepdivin.org\/wp-content\/uploads\/2016\/08\/El-jerez-oloroso-de-Dios-Baco-en-la-serie-de-TV-Con-C-mayuscula-700x492.jpg 700w, https:\/\/www.cepdivin.org\/wp-content\/uploads\/2016\/08\/El-jerez-oloroso-de-Dios-Baco-en-la-serie-de-TV-Con-C-mayuscula-332x233.jpg 332w\" sizes=\"auto, (max-width: 729px) 100vw, 729px\" \/><\/a><figcaption id=\"caption-attachment-5335\" class=\"wp-caption-text\">El jerez est\u00e1 presente en la serie de la TV americana &#8220;Con C may\u00fascula&#8221;(The big C)<\/figcaption><\/figure>\n<h4 style=\"text-align: justify;\"><b>Jos\u00e9 Luis Jim\u00e9nez Garc\u00eda<\/b>, pr\u00e9sident du &#8220;Cine Club Popular de Jerez&#8221;, anime le blog <a href=\"https:\/\/jerezdecine.wordpress.com\/\" target=\"_blank\"><em>Jerez de Cine &#8211;\u00a0Vinos, cine, Jerez &amp; Sherry Wine\u00a0<\/em><\/a>. Depuis des ann\u00e9es, ses articles tentent d&#8217;\u00e9puiser le sujet de la pr\u00e9sence des vins de Jerez dans l&#8217;art, la litt\u00e9rature, l&#8217;histoire, le cin\u00e9ma, la publicit\u00e9&#8230;<\/h4>\n<p>Voici quelques exemples de s\u00e9ries am\u00e9ricaines dans lesquelles les vins de Jerez sont pr\u00e9sents.<\/p>\n<div id=\"scoopit-container-4068176110\"><a href=\"http:\/\/www.scoop.it\/t\/vin-culture-societe\/p\/4068176110\/2016\/08\/30\/el-jerez-oloroso-de-dios-baco-en-la-serie-de-tv-con-c-mayuscula\">El jerez oloroso de Dios Baco en la serie de TV Con C may\u00fascula<\/a><\/div>\n<p><script type='text\/javascript' src='http:\/\/www.scoop.it\/embed-scoop\/4068176110.js?maxwidth=457' ><\/script><\/p>\n<div id=\"scoopit-container-4068177051\"><a href=\"http:\/\/www.scoop.it\/t\/vin-culture-societe\/p\/4068177051\/2016\/08\/30\/el-jerez-de-nuevo-en-la-serie-de-tv-mad-men\">EL JEREZ, DE NUEVO, EN LA SERIE DE TV MAD MEN<\/a><\/div>\n<p><script type='text\/javascript' src='http:\/\/www.scoop.it\/embed-scoop\/4068177051.js?maxwidth=457' ><\/script><\/p>\n<div id=\"scoopit-container-4068175679\"><a href=\"http:\/\/www.scoop.it\/t\/vin-culture-societe\/p\/4068175679\/2016\/08\/30\/el-cid-de-osborne-en-la-serie-de-tv-llama-a-la-comadrona\">EL CID, DE OSBORNE, EN LA SERIE DE TV !LLAMA A LA COMADRONA!<\/a><\/div>\n<p><script type='text\/javascript' src='http:\/\/www.scoop.it\/embed-scoop\/4068175679.js?maxwidth=457' ><\/script><\/p>\n<div id=\"scoopit-container-4068175738\"><a href=\"http:\/\/www.scoop.it\/t\/vin-culture-societe\/p\/4068175738\/2016\/08\/30\/sanford-son-tasting-sherry\">SANFORD &amp; SON : TASTING SHERRY<\/a><\/div>\n<p><script type='text\/javascript' src='http:\/\/www.scoop.it\/embed-scoop\/4068175738.js?maxwidth=457' ><\/script><\/p>\n<p><a href=\"http:\/\/www.cepdivin.org\/?s=+Jos%C3%A9+Luis+Jim%C3%A9nez+Garc%C3%ADa\" target=\"_blank\"><strong>Autres sujets de Jos\u00e9 Luis Jim\u00e9nez Garc\u00eda sur cepdivin.org<\/strong><\/a><\/p>\n<p>&nbsp;<\/p>\n","protected":false},"excerpt":{"rendered":"<p>Jos\u00e9 Luis Jim\u00e9nez Garc\u00eda, pr\u00e9sident du &#8220;Cine Club Popular de Jerez&#8221;, anime le blog Jerez de Cine &#8211;\u00a0Vinos, cine, Jerez &amp; Sherry Wine\u00a0. Depuis des ann\u00e9es, ses articles tentent d&#8217;\u00e9puiser le sujet de la pr\u00e9sence des vins de Jerez dans l&#8217;art, la litt\u00e9rature, l&#8217;histoire, le cin\u00e9ma, la publicit\u00e9&#8230; Voici quelques &#8230;<\/p>\n","protected":false},"author":4,"featured_media":5335,"comment_status":"open","ping_status":"open","sticky":false,"template":"","format":"standard","meta":{"footnotes":""},"categories":[49],"tags":[159,97,87,363,358,364],"class_list":["post-5330","post","type-post","status-publish","format-standard","has-post-thumbnail","hentry","category-articles-en-ligne","tag-jerez","tag-jose-luis-jimenez-garcia","tag-representations","tag-series","tag-sherry","tag-usa","column","onecol","has-thumbnail"],"_links":{"self":[{"href":"https:\/\/www.cepdivin.org\/index.php?rest_route=\/wp\/v2\/posts\/5330","targetHints":{"allow":["GET"]}}],"collection":[{"href":"https:\/\/www.cepdivin.org\/index.php?rest_route=\/wp\/v2\/posts"}],"about":[{"href":"https:\/\/www.cepdivin.org\/index.php?rest_route=\/wp\/v2\/types\/post"}],"author":[{"embeddable":true,"href":"https:\/\/www.cepdivin.org\/index.php?rest_route=\/wp\/v2\/users\/4"}],"replies":[{"embeddable":true,"href":"https:\/\/www.cepdivin.org\/index.php?rest_route=%2Fwp%2Fv2%2Fcomments&post=5330"}],"version-history":[{"count":9,"href":"https:\/\/www.cepdivin.org\/index.php?rest_route=\/wp\/v2\/posts\/5330\/revisions"}],"predecessor-version":[{"id":5340,"href":"https:\/\/www.cepdivin.org\/index.php?rest_route=\/wp\/v2\/posts\/5330\/revisions\/5340"}],"wp:featuredmedia":[{"embeddable":true,"href":"https:\/\/www.cepdivin.org\/index.php?rest_route=\/wp\/v2\/media\/5335"}],"wp:attachment":[{"href":"https:\/\/www.cepdivin.org\/index.php?rest_route=%2Fwp%2Fv2%2Fmedia&parent=5330"}],"wp:term":[{"taxonomy":"category","embeddable":true,"href":"https:\/\/www.cepdivin.org\/index.php?rest_route=%2Fwp%2Fv2%2Fcategories&post=5330"},{"taxonomy":"post_tag","embeddable":true,"href":"https:\/\/www.cepdivin.org\/index.php?rest_route=%2Fwp%2Fv2%2Ftags&post=5330"}],"curies":[{"name":"wp","href":"https:\/\/api.w.org\/{rel}","templated":true}]}}