{"id":52,"date":"2013-04-27T12:59:18","date_gmt":"2013-04-27T10:59:18","guid":{"rendered":"http:\/\/www.cepdivin.org\/?p=52"},"modified":"2014-07-07T10:04:44","modified_gmt":"2014-07-07T08:04:44","slug":"le-vin-dans-ses-oeuvres","status":"publish","type":"post","link":"https:\/\/www.cepdivin.org\/?p=52","title":{"rendered":"Le vin dans ses oeuvres"},"content":{"rendered":"<h2>Colloque pluridisciplinaire &#8220;Le Vin dans ses Oeuvres&#8221;<\/h2>\n<h3>17, 18, 19 mai 2001\u00a0Lyc\u00e9e Viticole de Libourne-Montagne<\/h3>\n<p>&nbsp;<\/p>\n<p><a href=\"http:\/\/www.cepdivin.org\/wp-content\/uploads\/2013\/04\/vinoeuvrescouv.jpg\" target=\"_blank\" rel=\"_blank\"><img loading=\"lazy\" decoding=\"async\" class=\"alignleft size-medium wp-image-54\" src=\"http:\/\/www.cepdivin.org\/wp-content\/uploads\/2013\/04\/vinoeuvrescouv-200x300.jpg\" alt=\"vinoeuvrescouv\" width=\"200\" height=\"300\" \/><\/a><\/p>\n<p>2e \u00e9dition revue et augment\u00e9e &#8211; Parution : septembre 2006<\/p>\n<p>Textes r\u00e9unis et pr\u00e9sent\u00e9s par Amancio Tenaguillo y Cort\u00e1zar<\/p>\n<p><a title=\"Le vin dans ses oeuvres\" href=\"http:\/\/www.cepdivin.org\/?page_id=267\">\u00a0En savoir plus<\/a><\/p>\n<p>&nbsp;<\/p>\n<p>&nbsp;<\/p>\n<p>&nbsp;<\/p>\n<p>&nbsp;<\/p>\n","protected":false},"excerpt":{"rendered":"<p>Colloque pluridisciplinaire &#8220;Le Vin dans ses Oeuvres&#8221; 17, 18, 19 mai 2001\u00a0Lyc\u00e9e Viticole de Libourne-Montagne &nbsp; 2e \u00e9dition revue et augment\u00e9e &#8211; Parution : septembre 2006 Textes r\u00e9unis et pr\u00e9sent\u00e9s par Amancio Tenaguillo y Cort\u00e1zar \u00a0En savoir plus &nbsp; &nbsp; &nbsp; &nbsp;<\/p>\n","protected":false},"author":1,"featured_media":0,"comment_status":"open","ping_status":"open","sticky":false,"template":"","format":"gallery","meta":{"footnotes":""},"categories":[15,10,26],"tags":[283,282,12],"class_list":["post-52","post","type-post","status-publish","format-gallery","hentry","category-cepdivin-actu","category-cepdivin-editeur","category-cepdivin-asso","tag-architecture","tag-art","tag-litterature","post_format-post-format-gallery","column","onecol"],"_links":{"self":[{"href":"https:\/\/www.cepdivin.org\/index.php?rest_route=\/wp\/v2\/posts\/52","targetHints":{"allow":["GET"]}}],"collection":[{"href":"https:\/\/www.cepdivin.org\/index.php?rest_route=\/wp\/v2\/posts"}],"about":[{"href":"https:\/\/www.cepdivin.org\/index.php?rest_route=\/wp\/v2\/types\/post"}],"author":[{"embeddable":true,"href":"https:\/\/www.cepdivin.org\/index.php?rest_route=\/wp\/v2\/users\/1"}],"replies":[{"embeddable":true,"href":"https:\/\/www.cepdivin.org\/index.php?rest_route=%2Fwp%2Fv2%2Fcomments&post=52"}],"version-history":[{"count":31,"href":"https:\/\/www.cepdivin.org\/index.php?rest_route=\/wp\/v2\/posts\/52\/revisions"}],"predecessor-version":[{"id":3484,"href":"https:\/\/www.cepdivin.org\/index.php?rest_route=\/wp\/v2\/posts\/52\/revisions\/3484"}],"wp:attachment":[{"href":"https:\/\/www.cepdivin.org\/index.php?rest_route=%2Fwp%2Fv2%2Fmedia&parent=52"}],"wp:term":[{"taxonomy":"category","embeddable":true,"href":"https:\/\/www.cepdivin.org\/index.php?rest_route=%2Fwp%2Fv2%2Fcategories&post=52"},{"taxonomy":"post_tag","embeddable":true,"href":"https:\/\/www.cepdivin.org\/index.php?rest_route=%2Fwp%2Fv2%2Ftags&post=52"}],"curies":[{"name":"wp","href":"https:\/\/api.w.org\/{rel}","templated":true}]}}