{"id":5142,"date":"2016-02-28T08:17:50","date_gmt":"2016-02-28T07:17:50","guid":{"rendered":"http:\/\/www.cepdivin.org\/?p=5142"},"modified":"2016-08-03T11:46:18","modified_gmt":"2016-08-03T09:46:18","slug":"cite-vin-autel-bacchus","status":"publish","type":"post","link":"https:\/\/www.cepdivin.org\/?p=5142","title":{"rendered":"La Cit\u00e9 du Vin | Un autel pour Bacchus"},"content":{"rendered":"<h1>La Cit\u00e9 du Vin<\/h1>\n<h2>Bordeaux, future capitale de l&#8217;\u0153notourisme ?<\/h2>\n<p>Fr\u00e9d\u00e9ric Joignot &#8211; Le Monde.fr, 27\/02\/2016.<\/p>\n<p><a href=\"http:\/\/www.lemonde.fr\/grands-formats\/visuel\/2016\/02\/27\/a-bordeaux-un-autel-pour-bacchus_4872931_4497053.html\" target=\"_blank\" rel=\"attachment wp-att-5143\"><img loading=\"lazy\" decoding=\"async\" class=\"aligncenter size-full wp-image-5143\" src=\"http:\/\/www.cepdivin.org\/wp-content\/uploads\/2016\/02\/la-cite-du-vin-le-monde-2016-02-27.png\" alt=\"la-cite-du-vin-le-monde-2016-02-27\" width=\"1000\" height=\"466\" srcset=\"https:\/\/www.cepdivin.org\/wp-content\/uploads\/2016\/02\/la-cite-du-vin-le-monde-2016-02-27.png 1000w, https:\/\/www.cepdivin.org\/wp-content\/uploads\/2016\/02\/la-cite-du-vin-le-monde-2016-02-27-300x140.png 300w, https:\/\/www.cepdivin.org\/wp-content\/uploads\/2016\/02\/la-cite-du-vin-le-monde-2016-02-27-768x358.png 768w, https:\/\/www.cepdivin.org\/wp-content\/uploads\/2016\/02\/la-cite-du-vin-le-monde-2016-02-27-600x280.png 600w, https:\/\/www.cepdivin.org\/wp-content\/uploads\/2016\/02\/la-cite-du-vin-le-monde-2016-02-27-700x326.png 700w, https:\/\/www.cepdivin.org\/wp-content\/uploads\/2016\/02\/la-cite-du-vin-le-monde-2016-02-27-332x155.png 332w\" sizes=\"auto, (max-width: 1000px) 100vw, 1000px\" \/><\/a><\/p>\n<p><a href=\"http:\/\/www.lemonde.fr\/grands-formats\/visuel\/2016\/02\/27\/a-bordeaux-un-autel-pour-bacchus_4872931_4497053.html\" target=\"_blank\">http:\/\/www.lemonde.fr\/grands-formats\/visuel\/2016\/02\/27\/a-bordeaux-un-autel-pour-bacchus_4872931_4497053.html<\/a><\/p>\n","protected":false},"excerpt":{"rendered":"<p>La Cit\u00e9 du Vin Bordeaux, future capitale de l&#8217;\u0153notourisme ? Fr\u00e9d\u00e9ric Joignot &#8211; Le Monde.fr, 27\/02\/2016. http:\/\/www.lemonde.fr\/grands-formats\/visuel\/2016\/02\/27\/a-bordeaux-un-autel-pour-bacchus_4872931_4497053.html<\/p>\n","protected":false},"author":4,"featured_media":5143,"comment_status":"open","ping_status":"open","sticky":false,"template":"","format":"standard","meta":{"footnotes":""},"categories":[49],"tags":[283,282,322,310,69,294,296,61,87],"class_list":["post-5142","post","type-post","status-publish","format-standard","has-post-thumbnail","hentry","category-articles-en-ligne","tag-architecture","tag-art","tag-bordeaux","tag-cite-des-civilisations-du-vin","tag-geographie","tag-histoire","tag-oenotourisme","tag-patrimoine-technique","tag-representations","column","onecol","has-thumbnail"],"_links":{"self":[{"href":"https:\/\/www.cepdivin.org\/index.php?rest_route=\/wp\/v2\/posts\/5142","targetHints":{"allow":["GET"]}}],"collection":[{"href":"https:\/\/www.cepdivin.org\/index.php?rest_route=\/wp\/v2\/posts"}],"about":[{"href":"https:\/\/www.cepdivin.org\/index.php?rest_route=\/wp\/v2\/types\/post"}],"author":[{"embeddable":true,"href":"https:\/\/www.cepdivin.org\/index.php?rest_route=\/wp\/v2\/users\/4"}],"replies":[{"embeddable":true,"href":"https:\/\/www.cepdivin.org\/index.php?rest_route=%2Fwp%2Fv2%2Fcomments&post=5142"}],"version-history":[{"count":2,"href":"https:\/\/www.cepdivin.org\/index.php?rest_route=\/wp\/v2\/posts\/5142\/revisions"}],"predecessor-version":[{"id":5146,"href":"https:\/\/www.cepdivin.org\/index.php?rest_route=\/wp\/v2\/posts\/5142\/revisions\/5146"}],"wp:featuredmedia":[{"embeddable":true,"href":"https:\/\/www.cepdivin.org\/index.php?rest_route=\/wp\/v2\/media\/5143"}],"wp:attachment":[{"href":"https:\/\/www.cepdivin.org\/index.php?rest_route=%2Fwp%2Fv2%2Fmedia&parent=5142"}],"wp:term":[{"taxonomy":"category","embeddable":true,"href":"https:\/\/www.cepdivin.org\/index.php?rest_route=%2Fwp%2Fv2%2Fcategories&post=5142"},{"taxonomy":"post_tag","embeddable":true,"href":"https:\/\/www.cepdivin.org\/index.php?rest_route=%2Fwp%2Fv2%2Ftags&post=5142"}],"curies":[{"name":"wp","href":"https:\/\/api.w.org\/{rel}","templated":true}]}}