{"id":5030,"date":"2015-10-31T15:53:24","date_gmt":"2015-10-31T14:53:24","guid":{"rendered":"http:\/\/www.cepdivin.org\/?p=5030"},"modified":"2016-02-28T08:20:30","modified_gmt":"2016-02-28T07:20:30","slug":"laurent-bourdelas-la-caverne-de-lame","status":"publish","type":"post","link":"https:\/\/www.cepdivin.org\/?p=5030","title":{"rendered":"Laurent Bourdelas | La Caverne de l&#8217;\u00e2me"},"content":{"rendered":"<h2 style=\"text-align: justify;\"><a href=\"http:\/\/www.cepdivin.org\/wp-content\/uploads\/2015\/10\/laurent-bourdelas-la-caverne-de-l-ame.jpg\"><img loading=\"lazy\" decoding=\"async\" class=\"alignleft size-medium wp-image-5031\" src=\"http:\/\/www.cepdivin.org\/wp-content\/uploads\/2015\/10\/laurent-bourdelas-la-caverne-de-l-ame-195x300.jpg\" alt=\"Laurent Bourdelas, La Caverne de l'\u00e2me\" width=\"195\" height=\"300\" srcset=\"https:\/\/www.cepdivin.org\/wp-content\/uploads\/2015\/10\/laurent-bourdelas-la-caverne-de-l-ame-195x300.jpg 195w, https:\/\/www.cepdivin.org\/wp-content\/uploads\/2015\/10\/laurent-bourdelas-la-caverne-de-l-ame-665x1024.jpg 665w, https:\/\/www.cepdivin.org\/wp-content\/uploads\/2015\/10\/laurent-bourdelas-la-caverne-de-l-ame-600x923.jpg 600w, https:\/\/www.cepdivin.org\/wp-content\/uploads\/2015\/10\/laurent-bourdelas-la-caverne-de-l-ame-700x1077.jpg 700w, https:\/\/www.cepdivin.org\/wp-content\/uploads\/2015\/10\/laurent-bourdelas-la-caverne-de-l-ame-332x511.jpg 332w, https:\/\/www.cepdivin.org\/wp-content\/uploads\/2015\/10\/laurent-bourdelas-la-caverne-de-l-ame.jpg 1000w\" sizes=\"auto, (max-width: 195px) 100vw, 195px\" \/><\/a>Laurent Bourdelas,\u00a0<em>La Caverne de l&#8217;\u00e2me<\/em>, Geste Editions, 2015, 136 pages.<\/h2>\n<h3 style=\"text-align: justify;\">Pr\u00e9sentation de l&#8217;\u00e9diteur<\/h3>\n<p style=\"text-align: justify;\">Avec \u00e9rudition mais sans jamais peser, dans le style qui lui valut d&#8217;obtenir le prix Jean Carmet pour <strong><a href=\"http:\/\/www.cepdivin.org\/?p=1629\"><em>L&#8217;Ivresse des rimes<\/em> <\/a><\/strong>(Stock, 2012) dans lequel il racontait les liens entre les po\u00e8tes du XIXe si\u00e8cle et le vin, Laurent Bourdelas \u00e9voque la m\u00e9moire de po\u00e8tes du si\u00e8cle suivant, un verre \u00e0 la main.<\/p>\n<p style=\"text-align: justify;\">On retrouve ici les d\u00e9ambulations parisiennes de L\u00e9on-Paul Fargue, la vie p\u00e9tillante de Jean Cocteau, les champs magn\u00e9tiques des surr\u00e9alistes (Breton, Aragon, Desnos, \u00c9luard, mais aussi Daumal et les autres), les paroles de Jacques Pr\u00e9vert, la Provence de Ren\u00e9 Char, les vignobles des coteaux du Layon de Jean Bouhier et de l&#8217;\u00c9cole de Rochefort, les chansons de Boris Vian ou bien encore le caf\u00e9 de l&#8217;Enfer de Xavier Grall.<\/p>\n<p style=\"text-align: justify;\">L&#8217;auteur livre ici un petit pr\u00e9cis d&#8217;\u0153nologie et de po\u00e9sie plein de fantaisie et de d\u00e9couvertes.<\/p>\n<h3 style=\"text-align: justify;\">L&#8217;auteur<\/h3>\n<div style=\"text-align: justify;\">\n<p><span style=\"font-weight: 600;\">Laurent Bourdelas<\/span>\u00a0est un historien, po\u00e8te, critique radiophonique, photographe et \u00e9crivain fran\u00e7ais n\u00e9 le 30 septembre 1962 \u00e0 Limoges.<\/p>\n<h3>Revue de presse<\/h3>\n<p><strong>Sur <em>La Caverne de l&#8217;\u00e2me<\/em><\/strong><\/p>\n<p><strong>Sur <em>L&#8217;Ivresse des rimes<\/em><\/strong><\/p>\n<ul>\n<li><a href=\"http:\/\/www.paris-bistro.com\/culture\/ecrivain\/ivresse_rimes.html\" target=\"_blank\">Laurent Bourdelas et son\u00a0<em>Ivresse des rimes<\/em><\/a><\/li>\n<li><a href=\"http:\/\/www.paris-bistro.com\/culture\/ecrivain\/ivresse_rimes2.html\" target=\"_blank\">Interview de Laurent Bourdelas :\u00a0\u00ab<em>\u00a0Boire, c&#8217;est atteindre l&#8217;immortalit\u00e9\u2026 un instant<\/em>.\u00bb<\/a><\/li>\n<li><a href=\"http:\/\/www.lacauselitteraire.fr\/l-ivresse-des-rimes-laurent-bourdelas\" target=\"_blank\">L&#8217;ivresse des rimes, Laurent Bourdelas, par Jean-Marc Levy<\/a><\/li>\n<\/ul>\n<h3>En savoir plus<\/h3>\n<ul>\n<li><a href=\"http:\/\/laurentbourdelas.blogspot.fr\/\" target=\"_blank\">Le blog personnel de Laurent Bourdelas<\/a><\/li>\n<\/ul>\n<h3>Fiche technique<\/h3>\n<pre>AUTEUR : Bourdelas, Laurent \r\nTITRE : L'ivresse des rimes\r\nEDITEUR : Geste Editions\r\nCOLLECTION : Ecrivins\r\nFORMAT : Broch\u00e9, 10,5 cm \u00d7 16,5 cm, 136 pages\r\nISBN 13 \/ EAN : 9782367464015\r\nPRIX PUBLIC : 12,90 Euros\r\nPARUTION : 13\/10\/2015<\/pre>\n<\/div>\n<h3>Acheter en ligne<\/h3>\n<p><iframe loading=\"lazy\" style=\"width: 120px; height: 240px;\" src=\"\/\/ws-eu.amazon-adsystem.com\/widgets\/q?ServiceVersion=20070822&amp;OneJS=1&amp;Operation=GetAdHtml&amp;MarketPlace=FR&amp;source=ss&amp;ref=ss_til&amp;ad_type=product_link&amp;tracking_id=cepdivin-21&amp;marketplace=amazon&amp;region=FR&amp;placement=2367464014&amp;asins=2367464014&amp;linkId=&amp;show_border=true&amp;link_opens_in_new_window=true\" width=\"300\" height=\"150\" frameborder=\"0\" marginwidth=\"0\" marginheight=\"0\" scrolling=\"no\"><br \/>\n<\/iframe><\/p>\n","protected":false},"excerpt":{"rendered":"<p>Laurent Bourdelas,\u00a0La Caverne de l&#8217;\u00e2me, Geste Editions, 2015, 136 pages. Pr\u00e9sentation de l&#8217;\u00e9diteur Avec \u00e9rudition mais sans jamais peser, dans le style qui lui valut d&#8217;obtenir le prix Jean Carmet pour L&#8217;Ivresse des rimes (Stock, 2012) dans lequel il racontait les liens entre les po\u00e8tes du XIXe si\u00e8cle et le &#8230;<\/p>\n","protected":false},"author":4,"featured_media":5035,"comment_status":"open","ping_status":"open","sticky":false,"template":"","format":"standard","meta":{"footnotes":""},"categories":[30],"tags":[],"class_list":["post-5030","post","type-post","status-publish","format-standard","has-post-thumbnail","hentry","category-parutions","column","onecol","has-thumbnail"],"_links":{"self":[{"href":"https:\/\/www.cepdivin.org\/index.php?rest_route=\/wp\/v2\/posts\/5030","targetHints":{"allow":["GET"]}}],"collection":[{"href":"https:\/\/www.cepdivin.org\/index.php?rest_route=\/wp\/v2\/posts"}],"about":[{"href":"https:\/\/www.cepdivin.org\/index.php?rest_route=\/wp\/v2\/types\/post"}],"author":[{"embeddable":true,"href":"https:\/\/www.cepdivin.org\/index.php?rest_route=\/wp\/v2\/users\/4"}],"replies":[{"embeddable":true,"href":"https:\/\/www.cepdivin.org\/index.php?rest_route=%2Fwp%2Fv2%2Fcomments&post=5030"}],"version-history":[{"count":13,"href":"https:\/\/www.cepdivin.org\/index.php?rest_route=\/wp\/v2\/posts\/5030\/revisions"}],"predecessor-version":[{"id":5046,"href":"https:\/\/www.cepdivin.org\/index.php?rest_route=\/wp\/v2\/posts\/5030\/revisions\/5046"}],"wp:featuredmedia":[{"embeddable":true,"href":"https:\/\/www.cepdivin.org\/index.php?rest_route=\/wp\/v2\/media\/5035"}],"wp:attachment":[{"href":"https:\/\/www.cepdivin.org\/index.php?rest_route=%2Fwp%2Fv2%2Fmedia&parent=5030"}],"wp:term":[{"taxonomy":"category","embeddable":true,"href":"https:\/\/www.cepdivin.org\/index.php?rest_route=%2Fwp%2Fv2%2Fcategories&post=5030"},{"taxonomy":"post_tag","embeddable":true,"href":"https:\/\/www.cepdivin.org\/index.php?rest_route=%2Fwp%2Fv2%2Ftags&post=5030"}],"curies":[{"name":"wp","href":"https:\/\/api.w.org\/{rel}","templated":true}]}}