{"id":4927,"date":"2015-09-18T05:41:26","date_gmt":"2015-09-18T03:41:26","guid":{"rendered":"http:\/\/www.cepdivin.org\/?p=4927"},"modified":"2016-02-28T08:20:08","modified_gmt":"2016-02-28T07:20:08","slug":"in-vino-veritas-au-cinema","status":"publish","type":"post","link":"https:\/\/www.cepdivin.org\/?p=4927","title":{"rendered":"Au fil du net | &#8220;In Vino Veritas&#8221; au cin\u00e9ma"},"content":{"rendered":"<figure id=\"attachment_4930\" aria-describedby=\"caption-attachment-4930\" style=\"width: 284px\" class=\"wp-caption alignleft\"><a href=\"http:\/\/www.cepdivin.org\/wp-content\/uploads\/2015\/09\/virginia-gasull-in-vino-veritas.jpg\" target=\"_blank\" rel=\"target=&quot;_blank&quot;\"><img loading=\"lazy\" decoding=\"async\" class=\"wp-image-4930 size-medium\" src=\"http:\/\/www.cepdivin.org\/wp-content\/uploads\/2015\/09\/virginia-gasull-in-vino-veritas-284x300.jpg\" alt=\"virginia-gasull-in-vino-veritas\" width=\"284\" height=\"300\" srcset=\"https:\/\/www.cepdivin.org\/wp-content\/uploads\/2015\/09\/virginia-gasull-in-vino-veritas-284x300.jpg 284w, https:\/\/www.cepdivin.org\/wp-content\/uploads\/2015\/09\/virginia-gasull-in-vino-veritas-968x1024.jpg 968w, https:\/\/www.cepdivin.org\/wp-content\/uploads\/2015\/09\/virginia-gasull-in-vino-veritas-600x635.jpg 600w, https:\/\/www.cepdivin.org\/wp-content\/uploads\/2015\/09\/virginia-gasull-in-vino-veritas-700x740.jpg 700w, https:\/\/www.cepdivin.org\/wp-content\/uploads\/2015\/09\/virginia-gasull-in-vino-veritas-332x351.jpg 332w, https:\/\/www.cepdivin.org\/wp-content\/uploads\/2015\/09\/virginia-gasull-in-vino-veritas.jpg 1513w\" sizes=\"auto, (max-width: 284px) 100vw, 284px\" \/><\/a><figcaption id=\"caption-attachment-4930\" class=\"wp-caption-text\">Source : http:\/\/elbuhoentrelibros.blogspot.fr\/<\/figcaption><\/figure>\n<h2 style=\"text-align: justify;\"><em>In Vino Veritas<\/em>, le roman de Virginia Gasull, devrait \u00eatre adapt\u00e9 au cin\u00e9ma.<\/h2>\n<p><a href=\"http:\/\/www.cepdivin.org\/wp-content\/uploads\/2015\/09\/ardoise-cinema.jpg\"><img loading=\"lazy\" decoding=\"async\" class=\"size-medium wp-image-4936 alignright\" src=\"http:\/\/www.cepdivin.org\/wp-content\/uploads\/2015\/09\/ardoise-cinema-228x300.jpg\" alt=\"ardoise-cinema\" width=\"228\" height=\"300\" srcset=\"https:\/\/www.cepdivin.org\/wp-content\/uploads\/2015\/09\/ardoise-cinema-228x300.jpg 228w, https:\/\/www.cepdivin.org\/wp-content\/uploads\/2015\/09\/ardoise-cinema.jpg 261w\" sizes=\"auto, (max-width: 228px) 100vw, 228px\" \/><\/a><\/p>\n<p><a href=\"http:\/\/www.cepdivin.org\/wp-content\/uploads\/2015\/09\/in-vino-veritas-diario-vasco-2015-09-16.jpg\" target=\"_blank\" rel=\"target=&quot;_blank&quot;\"><img loading=\"lazy\" decoding=\"async\" class=\"wp-image-4928 size-full aligncenter\" src=\"http:\/\/www.cepdivin.org\/wp-content\/uploads\/2015\/09\/in-vino-veritas-diario-vasco-2015-09-16.jpg\" alt=\"in-vino-veritas-diario-vasco-2015-09-16\" width=\"720\" height=\"960\" srcset=\"https:\/\/www.cepdivin.org\/wp-content\/uploads\/2015\/09\/in-vino-veritas-diario-vasco-2015-09-16.jpg 720w, https:\/\/www.cepdivin.org\/wp-content\/uploads\/2015\/09\/in-vino-veritas-diario-vasco-2015-09-16-225x300.jpg 225w, https:\/\/www.cepdivin.org\/wp-content\/uploads\/2015\/09\/in-vino-veritas-diario-vasco-2015-09-16-600x800.jpg 600w, https:\/\/www.cepdivin.org\/wp-content\/uploads\/2015\/09\/in-vino-veritas-diario-vasco-2015-09-16-700x933.jpg 700w, https:\/\/www.cepdivin.org\/wp-content\/uploads\/2015\/09\/in-vino-veritas-diario-vasco-2015-09-16-332x443.jpg 332w\" sizes=\"auto, (max-width: 720px) 100vw, 720px\" \/><\/a><\/p>\n<p><em>El Diario Vasco<\/em>, 16\/09\/2015.<\/p>\n<h3><a href=\"http:\/\/www.cepdivin.org\/?p=4455\">En savoir plus sur <em>In Vino Veritas<\/em><\/a><\/h3>\n<p>&nbsp;<\/p>\n","protected":false},"excerpt":{"rendered":"<p>In Vino Veritas, le roman de Virginia Gasull, devrait \u00eatre adapt\u00e9 au cin\u00e9ma. El Diario Vasco, 16\/09\/2015. En savoir plus sur In Vino Veritas &nbsp;<\/p>\n","protected":false},"author":4,"featured_media":4938,"comment_status":"open","ping_status":"open","sticky":false,"template":"","format":"standard","meta":{"footnotes":""},"categories":[20],"tags":[282,44,294,12],"class_list":["post-4927","post","type-post","status-publish","format-standard","has-post-thumbnail","hentry","category-au-fil-du-net","tag-art","tag-cinema","tag-histoire","tag-litterature","column","onecol","has-thumbnail"],"_links":{"self":[{"href":"https:\/\/www.cepdivin.org\/index.php?rest_route=\/wp\/v2\/posts\/4927","targetHints":{"allow":["GET"]}}],"collection":[{"href":"https:\/\/www.cepdivin.org\/index.php?rest_route=\/wp\/v2\/posts"}],"about":[{"href":"https:\/\/www.cepdivin.org\/index.php?rest_route=\/wp\/v2\/types\/post"}],"author":[{"embeddable":true,"href":"https:\/\/www.cepdivin.org\/index.php?rest_route=\/wp\/v2\/users\/4"}],"replies":[{"embeddable":true,"href":"https:\/\/www.cepdivin.org\/index.php?rest_route=%2Fwp%2Fv2%2Fcomments&post=4927"}],"version-history":[{"count":6,"href":"https:\/\/www.cepdivin.org\/index.php?rest_route=\/wp\/v2\/posts\/4927\/revisions"}],"predecessor-version":[{"id":4937,"href":"https:\/\/www.cepdivin.org\/index.php?rest_route=\/wp\/v2\/posts\/4927\/revisions\/4937"}],"wp:featuredmedia":[{"embeddable":true,"href":"https:\/\/www.cepdivin.org\/index.php?rest_route=\/wp\/v2\/media\/4938"}],"wp:attachment":[{"href":"https:\/\/www.cepdivin.org\/index.php?rest_route=%2Fwp%2Fv2%2Fmedia&parent=4927"}],"wp:term":[{"taxonomy":"category","embeddable":true,"href":"https:\/\/www.cepdivin.org\/index.php?rest_route=%2Fwp%2Fv2%2Fcategories&post=4927"},{"taxonomy":"post_tag","embeddable":true,"href":"https:\/\/www.cepdivin.org\/index.php?rest_route=%2Fwp%2Fv2%2Ftags&post=4927"}],"curies":[{"name":"wp","href":"https:\/\/api.w.org\/{rel}","templated":true}]}}