{"id":4900,"date":"2015-09-14T22:50:36","date_gmt":"2015-09-14T20:50:36","guid":{"rendered":"http:\/\/www.cepdivin.org\/?p=4900"},"modified":"2015-10-16T05:51:37","modified_gmt":"2015-10-16T03:51:37","slug":"le-vin-dissy-et-les-enfants-dans-les-vignes","status":"publish","type":"post","link":"https:\/\/www.cepdivin.org\/?p=4900","title":{"rendered":"Mondes du vin | Le vin d&#8217;Issy et les enfants dans les vignes"},"content":{"rendered":"<p style=\"text-align: justify;\"><em><a href=\"http:\/\/www.cepdivin.org\/wp-content\/uploads\/2015\/09\/issy-vendanges.jpg\" target=\"_blank\" rel=\"target=&quot;_blank&quot;\"><img loading=\"lazy\" decoding=\"async\" class=\"alignleft wp-image-4905 size-medium\" src=\"http:\/\/www.cepdivin.org\/wp-content\/uploads\/2015\/09\/issy-vendanges-225x300.jpg\" alt=\"issy-vendanges\" width=\"225\" height=\"300\" srcset=\"https:\/\/www.cepdivin.org\/wp-content\/uploads\/2015\/09\/issy-vendanges-225x300.jpg 225w, https:\/\/www.cepdivin.org\/wp-content\/uploads\/2015\/09\/issy-vendanges-768x1024.jpg 768w, https:\/\/www.cepdivin.org\/wp-content\/uploads\/2015\/09\/issy-vendanges-600x800.jpg 600w, https:\/\/www.cepdivin.org\/wp-content\/uploads\/2015\/09\/issy-vendanges-700x933.jpg 700w, https:\/\/www.cepdivin.org\/wp-content\/uploads\/2015\/09\/issy-vendanges-332x443.jpg 332w, https:\/\/www.cepdivin.org\/wp-content\/uploads\/2015\/09\/issy-vendanges.jpg 1050w\" sizes=\"auto, (max-width: 225px) 100vw, 225px\" \/><\/a>&#8220;L\u2019absurde vague de puritanisme et de protectionnisme qui nous entoure, en tentant d\u2019\u00e9touffer toute forme de spontan\u00e9it\u00e9, de plaisir et de joie de vivre, n\u2019a pas encore eu raison des vendanges organis\u00e9es chaque ann\u00e9e par Yves Legrand, au Chemin des Vignes \u00e0 Issy-les-Moulineaux, tout pr\u00e8s de Paris. Car les raisins de ses 250 pieds de vigne (chardonnay et un peu de pinot gris) sont cueillis et foul\u00e9s chaque ann\u00e9e par les enfants d\u2019une classe de CM2 de cette ville [&#8230;]&#8221;<\/em><\/p>\n<p style=\"text-align: justify;\">Sourced through Scoop.it from: <a href=\"https:\/\/les5duvin.wordpress.com\/2015\/09\/14\/le-vin-dissy-les-enfants-dans-les-vignes\/#comments\" target=\"_blank\">les5duvin.wordpress.com<\/a><\/p>\n<p style=\"text-align: justify;\">See on <a href=\"http:\/\/www.scoop.it\/t\/wine-world-web\/p\/4051550783\/2015\/09\/14\/le-vin-d-issy-et-les-enfants-dans-les-vignes\" target=\"_blank\">Scoop.it<\/a> &#8211; <a href=\"http:\/\/www.scoop.it\/t\/wine-world-web\" target=\"_blank\">World Wine Web<\/a><\/p>\n","protected":false},"excerpt":{"rendered":"<p>&#8220;L\u2019absurde vague de puritanisme et de protectionnisme qui nous entoure, en tentant d\u2019\u00e9touffer toute forme de spontan\u00e9it\u00e9, de plaisir et de joie de vivre, n\u2019a pas encore eu raison des vendanges organis\u00e9es chaque ann\u00e9e par Yves Legrand, au Chemin des Vignes \u00e0 Issy-les-Moulineaux, tout pr\u00e8s de Paris. Car les raisins &#8230;<\/p>\n","protected":false},"author":29,"featured_media":4906,"comment_status":"open","ping_status":"open","sticky":false,"template":"","format":"standard","meta":{"footnotes":""},"categories":[49],"tags":[69,145,53,319],"class_list":["post-4900","post","type-post","status-publish","format-standard","has-post-thumbnail","hentry","category-articles-en-ligne","tag-geographie","tag-paris","tag-patrimoine-rural","tag-vignoble","column","onecol","has-thumbnail"],"_links":{"self":[{"href":"https:\/\/www.cepdivin.org\/index.php?rest_route=\/wp\/v2\/posts\/4900","targetHints":{"allow":["GET"]}}],"collection":[{"href":"https:\/\/www.cepdivin.org\/index.php?rest_route=\/wp\/v2\/posts"}],"about":[{"href":"https:\/\/www.cepdivin.org\/index.php?rest_route=\/wp\/v2\/types\/post"}],"author":[{"embeddable":true,"href":"https:\/\/www.cepdivin.org\/index.php?rest_route=\/wp\/v2\/users\/29"}],"replies":[{"embeddable":true,"href":"https:\/\/www.cepdivin.org\/index.php?rest_route=%2Fwp%2Fv2%2Fcomments&post=4900"}],"version-history":[{"count":6,"href":"https:\/\/www.cepdivin.org\/index.php?rest_route=\/wp\/v2\/posts\/4900\/revisions"}],"predecessor-version":[{"id":4908,"href":"https:\/\/www.cepdivin.org\/index.php?rest_route=\/wp\/v2\/posts\/4900\/revisions\/4908"}],"wp:featuredmedia":[{"embeddable":true,"href":"https:\/\/www.cepdivin.org\/index.php?rest_route=\/wp\/v2\/media\/4906"}],"wp:attachment":[{"href":"https:\/\/www.cepdivin.org\/index.php?rest_route=%2Fwp%2Fv2%2Fmedia&parent=4900"}],"wp:term":[{"taxonomy":"category","embeddable":true,"href":"https:\/\/www.cepdivin.org\/index.php?rest_route=%2Fwp%2Fv2%2Fcategories&post=4900"},{"taxonomy":"post_tag","embeddable":true,"href":"https:\/\/www.cepdivin.org\/index.php?rest_route=%2Fwp%2Fv2%2Ftags&post=4900"}],"curies":[{"name":"wp","href":"https:\/\/api.w.org\/{rel}","templated":true}]}}