{"id":4196,"date":"2015-04-24T19:53:55","date_gmt":"2015-04-24T17:53:55","guid":{"rendered":"http:\/\/www.cepdivin.org\/?p=4196"},"modified":"2015-05-30T09:10:16","modified_gmt":"2015-05-30T07:10:16","slug":"douceur-angevine-gueules-de-vignerons","status":"publish","type":"post","link":"https:\/\/www.cepdivin.org\/?p=4196","title":{"rendered":"Douceur angevine &#038; gueules de vignerons"},"content":{"rendered":"<h1 style=\"text-align: justify;\">Voyage au pays du vin, entre Loire et Layon<\/h1>\n<h4 style=\"text-align: justify;\">Vendredi 6, Samedi 7 &amp; dimanche 8 mars 2015, quelques membres de CEPDIVIN ont pu v\u00e9rifier que l&#8217;expression &#8220;douceur angevine&#8221;\u00a0est bien m\u00e9rit\u00e9e.<\/h4>\n<figure id=\"attachment_4213\" aria-describedby=\"caption-attachment-4213\" style=\"width: 300px\" class=\"wp-caption alignleft\"><a href=\"http:\/\/www.cepdivin.org\/wp-content\/uploads\/2015\/04\/coteaux-des-treilles.jpg\" target=\"_blank\" rel=\"target=&quot;_blank&quot;\"><img loading=\"lazy\" decoding=\"async\" class=\"wp-image-4213 size-medium\" src=\"http:\/\/www.cepdivin.org\/wp-content\/uploads\/2015\/04\/coteaux-des-treilles-300x188.jpg\" alt=\"Domaine Pithon-Paill\u00e9 - Coteau des Treilles\" width=\"300\" height=\"188\" srcset=\"https:\/\/www.cepdivin.org\/wp-content\/uploads\/2015\/04\/coteaux-des-treilles-300x188.jpg 300w, https:\/\/www.cepdivin.org\/wp-content\/uploads\/2015\/04\/coteaux-des-treilles-600x376.jpg 600w, https:\/\/www.cepdivin.org\/wp-content\/uploads\/2015\/04\/coteaux-des-treilles-700x439.jpg 700w, https:\/\/www.cepdivin.org\/wp-content\/uploads\/2015\/04\/coteaux-des-treilles-332x208.jpg 332w, https:\/\/www.cepdivin.org\/wp-content\/uploads\/2015\/04\/coteaux-des-treilles.jpg 1000w\" sizes=\"auto, (max-width: 300px) 100vw, 300px\" \/><\/a><figcaption id=\"caption-attachment-4213\" class=\"wp-caption-text\">Domaine Pithon-Paill\u00e9 &#8211; Coteau des Treilles<\/figcaption><\/figure>\n<p style=\"text-align: justify;\">Paysages magnifiques, vignerons authentiques, rencontres inoubliables&#8230; Retrouvailles avec <strong>Jean-Yves Bardin<\/strong> pour lui rendre\u00a0ses photos de <a href=\"http:\/\/www.cepdivin.org\/?tribe_events=exposition-gueules-vignerons\" target=\"_blank\">l&#8217;expo de Ch\u00e2teau Bardins<\/a>, avant de les rencontrer pour de vrai, ses &#8220;gueules de vignerons&#8221;. Et toujours cette luminosit\u00e9, entre Loire et Layon, entre le ciel et la terre, cette communion des \u00e9l\u00e9ments, qu&#8217;on appelle harmonie sans doute. Impression ressentie tout particuli\u00e8rement devant le clos de la Coul\u00e9e de Serrant, sous les ciels tourment\u00e9s du soleil couchant.<\/p>\n<p style=\"text-align: justify;\">Comme il fallait bien faire un choix, \u00f4 combien difficile ! nous avions programm\u00e9 seulement trois visites, et c&#8217;\u00e9tait d\u00e9j\u00e0 pas mal, qu&#8217;on en juge :\u00a0<strong>Joe Pithon<\/strong> (Domaine Pithon-Paill\u00e9 \u00e0 Saint Lambert du Lattay), <strong>Patrick Baudoin<\/strong> (\u00e0 Princ\u00e9, Chaudefonds-sur-Layon), <strong>Jacques <\/strong>et<strong> Agn\u00e8s Carroget<\/strong> (Domaine de la Paonnerie, \u00e0 Anetz).<\/p>\n<figure id=\"attachment_4204\" aria-describedby=\"caption-attachment-4204\" style=\"width: 300px\" class=\"wp-caption alignright\"><a href=\"http:\/\/www.cepdivin.org\/wp-content\/uploads\/2015\/04\/Auberge-du-Layon-Rablay-sur-Layon.jpg\" target=\"_blank\" rel=\"target=&quot;_blank&quot;\"><img loading=\"lazy\" decoding=\"async\" class=\"wp-image-4204 size-medium\" src=\"http:\/\/www.cepdivin.org\/wp-content\/uploads\/2015\/04\/Auberge-du-Layon-Rablay-sur-Layon-300x136.jpg\" alt=\"Auberge-du-Layon-Rablay-sur-Layon\" width=\"300\" height=\"136\" srcset=\"https:\/\/www.cepdivin.org\/wp-content\/uploads\/2015\/04\/Auberge-du-Layon-Rablay-sur-Layon-300x136.jpg 300w, https:\/\/www.cepdivin.org\/wp-content\/uploads\/2015\/04\/Auberge-du-Layon-Rablay-sur-Layon-600x272.jpg 600w, https:\/\/www.cepdivin.org\/wp-content\/uploads\/2015\/04\/Auberge-du-Layon-Rablay-sur-Layon-700x317.jpg 700w, https:\/\/www.cepdivin.org\/wp-content\/uploads\/2015\/04\/Auberge-du-Layon-Rablay-sur-Layon-332x150.jpg 332w, https:\/\/www.cepdivin.org\/wp-content\/uploads\/2015\/04\/Auberge-du-Layon-Rablay-sur-Layon.jpg 800w\" sizes=\"auto, (max-width: 300px) 100vw, 300px\" \/><\/a><figcaption id=\"caption-attachment-4204\" class=\"wp-caption-text\">Auberge du Layon<\/figcaption><\/figure>\n<p style=\"text-align: justify;\">Mais des vignerons, dans ce coin b\u00e9ni de Dionysos, il n&#8217;y a pas besoin de les chercher, ils viennent \u00e0 vous. Il n&#8217;y a pas plus heureux comme hasard. Ainsi\u00a0<strong>Damien Bureau<\/strong> (&#8220;Saperlipopet&#8221;), rencontr\u00e9 au march\u00e9 d&#8217;Angers, le samedi matin. Plus tard, \u00e0 Rablay sur Layon : pizzas et vins naturels \u00e0 l&#8217;<strong>Auberge du Layon<\/strong>. Tiens, qui est l\u00e0 ?<strong>\u00a0Pat (Patrick Desplats)<\/strong> du Domaine des Griottes, qui aussit\u00f4t repart dans son chai pour nous ramener un magnum <em>Epona<\/em> 2013 (Vin de France,\u00a0chenin et pineau d&#8217;aunis). Et que dire de\u00a0<strong>J\u00e9r\u00f4me Saurigny<\/strong>&#8230; une bouteille d\u00e9gust\u00e9e \u00e0 l&#8217;auberge, et beaucoup d&#8217;autres le soir, quai du Louet, \u00e0 Rochefort-sur-Loire. Oui, beaucoup d&#8217;autres&#8230; Directement de la cave au verre&#8230; Des blancs, des rouges, des secs, des liquoreux&#8230; Feu de (tout) bois et ambiance jazz agricole !<\/p>\n<p style=\"text-align: justify;\">Autant dire que le lendemain on \u00e9tait au mieux de notre forme pour faire un petit d\u00e9tour, au fil de la Loire, en terres d&#8217;Ancenis. Chez <strong>Jacques <\/strong>et<strong> Agn\u00e8s Carroget, <\/strong>nous d\u00e9gust\u00e2mes<strong>\u00a0<\/strong>beaucoup et parl\u00e2mes tout autant.<strong>\u00a0<\/strong>Les heures passaient. Et puis on est retourn\u00e9,\u00a0plein d&#8217;usage et raison.<\/p>\n<p style=\"text-align: justify;\">[youtube]https:\/\/youtu.be\/9MftBVKrCqI[\/youtube]<\/p>\n<h3 style=\"text-align: justify;\">Liens<\/h3>\n<ul>\n<li><a href=\"http:\/\/www.cepdivin.org\/?p=3890\" target=\"_blank\">D\u00e9gustation litt\u00e9raire &#8220;Jean-Yves Bardin : Vignerons d&#8217;Anjou. Gueules de vignerons&#8221;<\/a> (23 janvier 2015)<\/li>\n<li><a href=\"http:\/\/www.pithon-paille.com\/\" target=\"_blank\">Domaine Pithon-Paill\u00e9<\/a><\/li>\n<li><a href=\"http:\/\/www.patrick-baudouin.com\/\" target=\"_blank\">Domaine Patrick Baudoin<\/a><\/li>\n<li><a href=\"http:\/\/paonnerie.free.fr\/index2.php\" target=\"_blank\">Domaine de la Paonnerie<\/a><\/li>\n<li style=\"text-align: justify;\"><a href=\"http:\/\/www.aubergedulayon.com\/\" target=\"_blank\">Auberge du Layon<\/a><\/li>\n<\/ul>\n","protected":false},"excerpt":{"rendered":"<p>Voyage au pays du vin, entre Loire et Layon Vendredi 6, Samedi 7 &amp; dimanche 8 mars 2015, quelques membres de CEPDIVIN ont pu v\u00e9rifier que l&#8217;expression &#8220;douceur angevine&#8221;\u00a0est bien m\u00e9rit\u00e9e. Paysages magnifiques, vignerons authentiques, rencontres inoubliables&#8230; Retrouvailles avec Jean-Yves Bardin pour lui rendre\u00a0ses photos de l&#8217;expo de Ch\u00e2teau Bardins, &#8230;<\/p>\n","protected":false},"author":4,"featured_media":4212,"comment_status":"open","ping_status":"open","sticky":false,"template":"","format":"standard","meta":{"footnotes":""},"categories":[15,37],"tags":[195,69,296,53,314,299,51,311,56],"class_list":["post-4196","post","type-post","status-publish","format-standard","has-post-thumbnail","hentry","category-cepdivin-actu","category-journees-thematiques","tag-anjou","tag-geographie","tag-oenotourisme","tag-patrimoine-rural","tag-paysage","tag-terroir","tag-video","tag-vigneron","tag-vin-naturel","column","onecol","has-thumbnail"],"_links":{"self":[{"href":"https:\/\/www.cepdivin.org\/index.php?rest_route=\/wp\/v2\/posts\/4196","targetHints":{"allow":["GET"]}}],"collection":[{"href":"https:\/\/www.cepdivin.org\/index.php?rest_route=\/wp\/v2\/posts"}],"about":[{"href":"https:\/\/www.cepdivin.org\/index.php?rest_route=\/wp\/v2\/types\/post"}],"author":[{"embeddable":true,"href":"https:\/\/www.cepdivin.org\/index.php?rest_route=\/wp\/v2\/users\/4"}],"replies":[{"embeddable":true,"href":"https:\/\/www.cepdivin.org\/index.php?rest_route=%2Fwp%2Fv2%2Fcomments&post=4196"}],"version-history":[{"count":16,"href":"https:\/\/www.cepdivin.org\/index.php?rest_route=\/wp\/v2\/posts\/4196\/revisions"}],"predecessor-version":[{"id":4215,"href":"https:\/\/www.cepdivin.org\/index.php?rest_route=\/wp\/v2\/posts\/4196\/revisions\/4215"}],"wp:featuredmedia":[{"embeddable":true,"href":"https:\/\/www.cepdivin.org\/index.php?rest_route=\/wp\/v2\/media\/4212"}],"wp:attachment":[{"href":"https:\/\/www.cepdivin.org\/index.php?rest_route=%2Fwp%2Fv2%2Fmedia&parent=4196"}],"wp:term":[{"taxonomy":"category","embeddable":true,"href":"https:\/\/www.cepdivin.org\/index.php?rest_route=%2Fwp%2Fv2%2Fcategories&post=4196"},{"taxonomy":"post_tag","embeddable":true,"href":"https:\/\/www.cepdivin.org\/index.php?rest_route=%2Fwp%2Fv2%2Ftags&post=4196"}],"curies":[{"name":"wp","href":"https:\/\/api.w.org\/{rel}","templated":true}]}}