{"id":4162,"date":"2015-04-13T00:20:51","date_gmt":"2015-04-12T22:20:51","guid":{"rendered":"http:\/\/www.cepdivin.org\/?p=4162"},"modified":"2015-05-30T09:09:16","modified_gmt":"2015-05-30T07:09:16","slug":"documentaire-les-vignerons-de-la-reconquete","status":"publish","type":"post","link":"https:\/\/www.cepdivin.org\/?p=4162","title":{"rendered":"Documentaire | Les vignerons de la reconqu\u00eate"},"content":{"rendered":"<h1 style=\"text-align: justify;\"><em>Les vignerons de la reconqu\u00eate<\/em><\/h1>\n<h2>Documentaire d&#8217;Olivier Pasquet<\/h2>\n<h3>Mai 2014 &#8211;\u00a0TV.TV \/ Chambre d&#8217;Agriculture Savoie Mont-Blanc<\/h3>\n<p style=\"text-align: justify;\"><a href=\"http:\/\/www.cepdivin.org\/wp-content\/uploads\/2015\/04\/les-vignerons-de-la-reconquete.jpg\" target=\"_blank\" rel=\"target=&quot;_blank&quot;\"><img loading=\"lazy\" decoding=\"async\" class=\"alignleft wp-image-4163\" src=\"http:\/\/www.cepdivin.org\/wp-content\/uploads\/2015\/04\/les-vignerons-de-la-reconquete-730x1024.jpg\" alt=\"les vignerons de la reconquete\" width=\"300\" height=\"421\" srcset=\"https:\/\/www.cepdivin.org\/wp-content\/uploads\/2015\/04\/les-vignerons-de-la-reconquete-730x1024.jpg 730w, https:\/\/www.cepdivin.org\/wp-content\/uploads\/2015\/04\/les-vignerons-de-la-reconquete-214x300.jpg 214w, https:\/\/www.cepdivin.org\/wp-content\/uploads\/2015\/04\/les-vignerons-de-la-reconquete-600x842.jpg 600w, https:\/\/www.cepdivin.org\/wp-content\/uploads\/2015\/04\/les-vignerons-de-la-reconquete-700x982.jpg 700w, https:\/\/www.cepdivin.org\/wp-content\/uploads\/2015\/04\/les-vignerons-de-la-reconquete-332x466.jpg 332w, https:\/\/www.cepdivin.org\/wp-content\/uploads\/2015\/04\/les-vignerons-de-la-reconquete.jpg 1000w\" sizes=\"auto, (max-width: 300px) 100vw, 300px\" \/><\/a><em>Le film <strong>Les vignerons de la reconqu\u00eate<\/strong>, r\u00e9alis\u00e9 par Olivier Pasquet, g\u00e9ographe et documentariste, a \u00e9t\u00e9 coproduit par TV.TV. et la Chambre d\u2019Agriculture Savoie Mont-Blanc dans le cadre du projet &#8220;VIN\u2019ALP&#8221; du programme de coop\u00e9ration transfrontali\u00e8re INTERREG ALCOTRA France-Italie. Cette action men\u00e9e sur les territoires des d\u00e9partements de la Savoie et de la Haute-Savoie et celui de la Province de Turin, s\u2019attache \u00e0 la revalorisation des c\u00e9pages viticoles locaux.<\/em><\/p>\n<p style=\"text-align: justify;\"><em>Le 20e si\u00e8cle a \u00e9t\u00e9 celui d\u2019une transformation profonde des paysages viticoles fran\u00e7ais. Le vignoble des Savoie est ainsi pass\u00e9 de 20 000 hectares \u00e0 moins de 2 000. La pand\u00e9mie phyllox\u00e9rique, la premi\u00e8re guerre mondiale, les crises de surproduction viticole et la transformation des modes de vie et de consommation du vin expliquent le d\u00e9clin spectaculaire et g\u00e9n\u00e9ralis\u00e9 des surfaces en vigne. Le 21e si\u00e8cle semble au contraire \u00eatre celui de la reconqu\u00eate et de la volont\u00e9 de voir se reconstruire, un peu partout, des vignobles dont certains avaient m\u00eame disparu. <\/em><\/p>\n<p style=\"text-align: justify;\"><em>Le film <strong>Les vignerons de la reconqu\u00eate<\/strong> porte t\u00e9moignage de cette volont\u00e9 en montrant la diversit\u00e9 et l\u2019originalit\u00e9 d\u2019initiatives d\u00e9velopp\u00e9es sur plusieurs territoires montagnards en Savoie, en Tri\u00e8ves, dans le Brian\u00e7onnais, les gorges du Tarn ou dans la vall\u00e9e pi\u00e9montaise de Suze. <\/em><\/p>\n<p style=\"text-align: justify;\"><em>Au-del\u00e0 de la diversit\u00e9 des terroirs viticoles concern\u00e9s, qu\u2019ils soient individuels ou collectifs, publics ou priv\u00e9s, port\u00e9s par des &#8220;locaux&#8221; ou de &#8220;nouveaux arriv\u00e9s&#8221;, ces projets de reconqu\u00eate viticole doivent tous int\u00e9grer les fortes contraintes des r\u00e9glementations administratives mais aussi justifier leur l\u00e9gitimit\u00e9. La plupart d\u2019entre eux rel\u00e8ve en effet de ce que le g\u00e9ographe Roger Dion qualifiait de &#8220;viticulture simplifi\u00e9e&#8221; vou\u00e9e essentiellement \u00e0 l\u2019autoconsommation. Sa coexistence avec une &#8220;viticulture de qualit\u00e9&#8221;, aujourd\u2019hui prot\u00e9g\u00e9e par les Appellations (d\u2019Origine Prot\u00e9g\u00e9e) demeure difficile. Ce ne sont pas seulement les terroirs viticoles qu\u2019il faut reconstruire, mais, en replantant des c\u00e9pages locaux ou remontant les murets des terrasses, une nouvelle image et une nouvelle r\u00e9putation qu\u2019il faut leur &#8220;inventer&#8221; en y int\u00e9grant d\u00e9sormais les notions de qualit\u00e9 paysag\u00e8re, de d\u00e9fense de la biodiversit\u00e9 et de mise en place de circuit courts de commercialisation.<\/em><\/p>\n<p style=\"text-align: justify;\">[youtube]https:\/\/youtu.be\/dmhMjnTNGl4[\/youtube]<\/p>\n<p style=\"text-align: justify;\">Source :\u00a0<a href=\"http:\/\/vignerons-trieves.com\/2015\/01\/30\/les-vignerons-de-la-reconquete\/\" target=\"_blank\">Association Vignes et Vignerons du Tri\u00e8ves<\/a><\/p>\n","protected":false},"excerpt":{"rendered":"<p>Les vignerons de la reconqu\u00eate Documentaire d&#8217;Olivier Pasquet Mai 2014 &#8211;\u00a0TV.TV \/ Chambre d&#8217;Agriculture Savoie Mont-Blanc Le film Les vignerons de la reconqu\u00eate, r\u00e9alis\u00e9 par Olivier Pasquet, g\u00e9ographe et documentariste, a \u00e9t\u00e9 coproduit par TV.TV. et la Chambre d\u2019Agriculture Savoie Mont-Blanc dans le cadre du projet &#8220;VIN\u2019ALP&#8221; du programme de &#8230;<\/p>\n","protected":false},"author":4,"featured_media":4167,"comment_status":"open","ping_status":"open","sticky":false,"template":"","format":"standard","meta":{"footnotes":""},"categories":[49,20],"tags":[69,294,53,61,314,249,299,311],"class_list":["post-4162","post","type-post","status-publish","format-standard","has-post-thumbnail","hentry","category-articles-en-ligne","category-au-fil-du-net","tag-geographie","tag-histoire","tag-patrimoine-rural","tag-patrimoine-technique","tag-paysage","tag-savoie","tag-terroir","tag-vigneron","column","onecol","has-thumbnail"],"_links":{"self":[{"href":"https:\/\/www.cepdivin.org\/index.php?rest_route=\/wp\/v2\/posts\/4162","targetHints":{"allow":["GET"]}}],"collection":[{"href":"https:\/\/www.cepdivin.org\/index.php?rest_route=\/wp\/v2\/posts"}],"about":[{"href":"https:\/\/www.cepdivin.org\/index.php?rest_route=\/wp\/v2\/types\/post"}],"author":[{"embeddable":true,"href":"https:\/\/www.cepdivin.org\/index.php?rest_route=\/wp\/v2\/users\/4"}],"replies":[{"embeddable":true,"href":"https:\/\/www.cepdivin.org\/index.php?rest_route=%2Fwp%2Fv2%2Fcomments&post=4162"}],"version-history":[{"count":5,"href":"https:\/\/www.cepdivin.org\/index.php?rest_route=\/wp\/v2\/posts\/4162\/revisions"}],"predecessor-version":[{"id":4172,"href":"https:\/\/www.cepdivin.org\/index.php?rest_route=\/wp\/v2\/posts\/4162\/revisions\/4172"}],"wp:featuredmedia":[{"embeddable":true,"href":"https:\/\/www.cepdivin.org\/index.php?rest_route=\/wp\/v2\/media\/4167"}],"wp:attachment":[{"href":"https:\/\/www.cepdivin.org\/index.php?rest_route=%2Fwp%2Fv2%2Fmedia&parent=4162"}],"wp:term":[{"taxonomy":"category","embeddable":true,"href":"https:\/\/www.cepdivin.org\/index.php?rest_route=%2Fwp%2Fv2%2Fcategories&post=4162"},{"taxonomy":"post_tag","embeddable":true,"href":"https:\/\/www.cepdivin.org\/index.php?rest_route=%2Fwp%2Fv2%2Ftags&post=4162"}],"curies":[{"name":"wp","href":"https:\/\/api.w.org\/{rel}","templated":true}]}}