{"id":3731,"date":"2014-09-21T22:56:02","date_gmt":"2014-09-21T20:56:02","guid":{"rendered":"http:\/\/www.cepdivin.org\/?p=3731"},"modified":"2014-09-21T23:12:27","modified_gmt":"2014-09-21T21:12:27","slug":"yves-charnet-petite-chambre","status":"publish","type":"post","link":"https:\/\/www.cepdivin.org\/?p=3731","title":{"rendered":"Yves Charnet | Petite chambre"},"content":{"rendered":"<h2 style=\"text-align: justify;\"><span style=\"color: #000000;\"><img loading=\"lazy\" decoding=\"async\" class=\"alignleft wp-image-3732 size-full\" src=\"http:\/\/www.cepdivin.org\/wp-content\/uploads\/2014\/09\/yves-charnet-petite-chambre.jpg\" alt=\"yves charnet petite chambre\" width=\"221\" height=\"346\" srcset=\"https:\/\/www.cepdivin.org\/wp-content\/uploads\/2014\/09\/yves-charnet-petite-chambre.jpg 221w, https:\/\/www.cepdivin.org\/wp-content\/uploads\/2014\/09\/yves-charnet-petite-chambre-191x300.jpg 191w\" sizes=\"auto, (max-width: 221px) 100vw, 221px\" \/>Yves Charnet, <em>Petite chambre<\/em>, La Table Ronde, 2005.<\/span><\/h2>\n<h3 style=\"text-align: justify;\"><span style=\"color: #000000;\">Un magnifique petit grand livre d&#8217;<a href=\"http:\/\/marincazaou.pagesperso-orange.fr\/cont\/charnet\/index.html\" target=\"_blank\">Yves Charnet<\/a> sur\u00a0Maurice de Gu\u00e9rin.<\/span><\/h3>\n<p style=\"text-align: justify;\"><span style=\"color: #000000;\">Le <a href=\"http:\/\/www.les-amis-des-guerin.fr\/pages_site1\/05_01_chateau.html\" target=\"_blank\">Cayla<\/a> : une demeure perdue dans la campagne tarnaise o\u00f9 Maurice de Gu\u00e9rin (1810-1839) et sa s\u0153ur Eug\u00e9nie (1805-1848) se consumaient. <\/span><\/p>\n<p style=\"text-align: justify;\"><span style=\"color: #000000;\">Cet \u00e9trange &#8220;couple&#8221; de po\u00e8tes est rest\u00e9 mythique. Maurice de Gu\u00e9rin, auteur du fameux\u00a0<\/span><em>Cahier vert<\/em><span style=\"color: #000000;\">, a d&#8217;une certaine fa\u00e7on invent\u00e9 l&#8217;intimisme, dans le sillage de Chateaubriand. Maurice et bien d&#8217;autres se sont r\u00e9clam\u00e9s de lui.<\/span><\/p>\n<figure id=\"attachment_3733\" aria-describedby=\"caption-attachment-3733\" style=\"width: 950px\" class=\"wp-caption aligncenter\"><a href=\"http:\/\/www.cepdivin.org\/wp-content\/uploads\/2014\/09\/chateau-de-cayla.jpg\" target=\"_blank\" rel=\"target=&quot;_blank&quot;\"><img loading=\"lazy\" decoding=\"async\" class=\"wp-image-3733 size-full\" src=\"http:\/\/www.cepdivin.org\/wp-content\/uploads\/2014\/09\/chateau-de-cayla.jpg\" alt=\"Le Ch\u00e2teau de Cayla (Tarn) o\u00f9 v\u00e9cu Maurice de Gu\u00e9rin.\" width=\"950\" height=\"530\" srcset=\"https:\/\/www.cepdivin.org\/wp-content\/uploads\/2014\/09\/chateau-de-cayla.jpg 950w, https:\/\/www.cepdivin.org\/wp-content\/uploads\/2014\/09\/chateau-de-cayla-300x167.jpg 300w, https:\/\/www.cepdivin.org\/wp-content\/uploads\/2014\/09\/chateau-de-cayla-600x334.jpg 600w, https:\/\/www.cepdivin.org\/wp-content\/uploads\/2014\/09\/chateau-de-cayla-700x390.jpg 700w, https:\/\/www.cepdivin.org\/wp-content\/uploads\/2014\/09\/chateau-de-cayla-332x185.jpg 332w\" sizes=\"auto, (max-width: 950px) 100vw, 950px\" \/><\/a><figcaption id=\"caption-attachment-3733\" class=\"wp-caption-text\">Le Ch\u00e2teau de Cayla (Tarn) o\u00f9 v\u00e9cu Maurice de Gu\u00e9rin.<\/figcaption><\/figure>\n<p style=\"text-align: justify;\"><span style=\"color: #000000;\">Po\u00e8te lui-m\u00eame, Yves Charnet a s\u00e9journ\u00e9 au Cayla dans chacune des quatre saisons. Tout en \u00e9voquant la m\u00e9moire de Gu\u00e9rin, il a m\u00e9dit\u00e9 sur les avatars et la post\u00e9rit\u00e9 du Romantisme. De Nerval \u00e0 Leiris &#8211; et au-del\u00e0.\u00a0<\/span><\/p>\n<h3 style=\"text-align: justify;\">Une lecture de Bruno Lalonde, <a href=\"https:\/\/www.facebook.com\/pages\/Librairie-Le-livre-voyageur\/169468926550591\" target=\"_blank\">librairie Le livre voyageur<\/a> \u00e0 Montr\u00e9al :<\/h3>\n<p style=\"text-align: justify;\">[youtube]http:\/\/youtu.be\/evPGbeFGYT4[\/youtube]<\/p>\n<p>[AMAZONPRODUCTS asin=&#8221;2710327937&#8243;]<\/p>\n<p>&nbsp;<\/p>\n","protected":false},"excerpt":{"rendered":"<p>Yves Charnet, Petite chambre, La Table Ronde, 2005. Un magnifique petit grand livre d&#8217;Yves Charnet sur\u00a0Maurice de Gu\u00e9rin. Le Cayla : une demeure perdue dans la campagne tarnaise o\u00f9 Maurice de Gu\u00e9rin (1810-1839) et sa s\u0153ur Eug\u00e9nie (1805-1848) se consumaient. Cet \u00e9trange &#8220;couple&#8221; de po\u00e8tes est rest\u00e9 mythique. Maurice de &#8230;<\/p>\n","protected":false},"author":4,"featured_media":3733,"comment_status":"open","ping_status":"open","sticky":false,"template":"","format":"image","meta":{"footnotes":""},"categories":[20,28],"tags":[303,12,208],"class_list":["post-3731","post","type-post","status-publish","format-image","has-post-thumbnail","hentry","category-au-fil-du-net","category-lactu-des-membres","tag-jean-claude-pirotte","tag-litterature","tag-yves-charnet","post_format-post-format-image","column","onecol"],"_links":{"self":[{"href":"https:\/\/www.cepdivin.org\/index.php?rest_route=\/wp\/v2\/posts\/3731","targetHints":{"allow":["GET"]}}],"collection":[{"href":"https:\/\/www.cepdivin.org\/index.php?rest_route=\/wp\/v2\/posts"}],"about":[{"href":"https:\/\/www.cepdivin.org\/index.php?rest_route=\/wp\/v2\/types\/post"}],"author":[{"embeddable":true,"href":"https:\/\/www.cepdivin.org\/index.php?rest_route=\/wp\/v2\/users\/4"}],"replies":[{"embeddable":true,"href":"https:\/\/www.cepdivin.org\/index.php?rest_route=%2Fwp%2Fv2%2Fcomments&post=3731"}],"version-history":[{"count":9,"href":"https:\/\/www.cepdivin.org\/index.php?rest_route=\/wp\/v2\/posts\/3731\/revisions"}],"predecessor-version":[{"id":3742,"href":"https:\/\/www.cepdivin.org\/index.php?rest_route=\/wp\/v2\/posts\/3731\/revisions\/3742"}],"wp:featuredmedia":[{"embeddable":true,"href":"https:\/\/www.cepdivin.org\/index.php?rest_route=\/wp\/v2\/media\/3733"}],"wp:attachment":[{"href":"https:\/\/www.cepdivin.org\/index.php?rest_route=%2Fwp%2Fv2%2Fmedia&parent=3731"}],"wp:term":[{"taxonomy":"category","embeddable":true,"href":"https:\/\/www.cepdivin.org\/index.php?rest_route=%2Fwp%2Fv2%2Fcategories&post=3731"},{"taxonomy":"post_tag","embeddable":true,"href":"https:\/\/www.cepdivin.org\/index.php?rest_route=%2Fwp%2Fv2%2Ftags&post=3731"}],"curies":[{"name":"wp","href":"https:\/\/api.w.org\/{rel}","templated":true}]}}