{"id":3556,"date":"2014-07-10T09:20:03","date_gmt":"2014-07-10T07:20:03","guid":{"rendered":"http:\/\/www.cepdivin.org\/?p=3556"},"modified":"2014-08-15T17:43:55","modified_gmt":"2014-08-15T15:43:55","slug":"domaine-emile-grelier","status":"publish","type":"post","link":"https:\/\/www.cepdivin.org\/?p=3556","title":{"rendered":"Domaine Emile Grelier | Vin bio et biodiversit\u00e9"},"content":{"rendered":"<h1 style=\"text-align: justify;\">Agriculture et nature, une histoire d&#8217;\u00e9quilibre<\/h1>\n<figure id=\"attachment_3560\" aria-describedby=\"caption-attachment-3560\" style=\"width: 300px\" class=\"wp-caption alignleft\"><a href=\"http:\/\/www.cepdivin.org\/wp-content\/uploads\/2014\/07\/domaine-emile-grelier-delphine-et-benoit-vinet.jpg\" rel=\"target=&quot;_blank&quot;\"><img loading=\"lazy\" decoding=\"async\" class=\"wp-image-3560 size-medium\" src=\"http:\/\/www.cepdivin.org\/wp-content\/uploads\/2014\/07\/domaine-emile-grelier-delphine-et-benoit-vinet-300x150.jpg\" alt=\"domaine-emile-grelier-delphine-et-benoit-vinet\" width=\"300\" height=\"150\" srcset=\"https:\/\/www.cepdivin.org\/wp-content\/uploads\/2014\/07\/domaine-emile-grelier-delphine-et-benoit-vinet-300x150.jpg 300w, https:\/\/www.cepdivin.org\/wp-content\/uploads\/2014\/07\/domaine-emile-grelier-delphine-et-benoit-vinet-600x300.jpg 600w, https:\/\/www.cepdivin.org\/wp-content\/uploads\/2014\/07\/domaine-emile-grelier-delphine-et-benoit-vinet-700x350.jpg 700w, https:\/\/www.cepdivin.org\/wp-content\/uploads\/2014\/07\/domaine-emile-grelier-delphine-et-benoit-vinet-332x166.jpg 332w, https:\/\/www.cepdivin.org\/wp-content\/uploads\/2014\/07\/domaine-emile-grelier-delphine-et-benoit-vinet.jpg 800w\" sizes=\"auto, (max-width: 300px) 100vw, 300px\" \/><\/a><figcaption id=\"caption-attachment-3560\" class=\"wp-caption-text\">Delphine et Beno\u00eet Vinet du Domaine Emile Grelier \u00a9 Photo Jean-Pierre Tamisier<\/figcaption><\/figure>\n<p style=\"text-align: justify;\"><strong>Delphine et Beno\u00eet Vinet<\/strong> g\u00e8rent \u00e0 Lapouyade, dans le nord-est de la Gironde, les\u00a0huit hectares plant\u00e9es\u00a0du\u00a0<strong>Domaine Emile Grelier<\/strong>,\u00a0du nom du grand p\u00e8re de Delphine. Le couple a cr\u00e9\u00e9 de toute pi\u00e8ce le domaine, plant\u00e9 100 % merlot, et a sorti son premier vin en 2012, apr\u00e8s avoir obtenu la certification bio par Ecocert.<\/p>\n<figure id=\"attachment_3559\" aria-describedby=\"caption-attachment-3559\" style=\"width: 300px\" class=\"wp-caption alignright\"><a href=\"http:\/\/www.cepdivin.org\/wp-content\/uploads\/2014\/07\/Domaine-Emile-Grelier-arbres-vignes.jpg\" rel=\"target=&quot;_blank&quot;\"><img loading=\"lazy\" decoding=\"async\" class=\"wp-image-3559 size-medium\" src=\"http:\/\/www.cepdivin.org\/wp-content\/uploads\/2014\/07\/Domaine-Emile-Grelier-arbres-vignes-300x161.jpg\" alt=\"Domaine Emile Grelier arbres vignes\" width=\"300\" height=\"161\" srcset=\"https:\/\/www.cepdivin.org\/wp-content\/uploads\/2014\/07\/Domaine-Emile-Grelier-arbres-vignes-300x161.jpg 300w, https:\/\/www.cepdivin.org\/wp-content\/uploads\/2014\/07\/Domaine-Emile-Grelier-arbres-vignes-600x323.jpg 600w, https:\/\/www.cepdivin.org\/wp-content\/uploads\/2014\/07\/Domaine-Emile-Grelier-arbres-vignes-332x178.jpg 332w, https:\/\/www.cepdivin.org\/wp-content\/uploads\/2014\/07\/Domaine-Emile-Grelier-arbres-vignes.jpg 650w\" sizes=\"auto, (max-width: 300px) 100vw, 300px\" \/><\/a><figcaption id=\"caption-attachment-3559\" class=\"wp-caption-text\">Des arbres dans les vignes pour favoriser la biodiversit\u00e9. Cr\u00e9dit photo : D. Vinet<\/figcaption><\/figure>\n<p style=\"text-align: justify;\">Delphine et Beno\u00eet Vinet sont se engag\u00e9s dans la d\u00e9fense de la biodiversit\u00e9, et la pr\u00e9servation de l&#8217;\u00e9cosyst\u00e8me, notamment en partenariat avec la soci\u00e9t\u00e9 &#8220;Arbres et paysages&#8221; pour la replantation de haies.\u00a0Travailler en agriculture biologique, c&#8217;est pour eux respecter la charte Bio Vin Solidaire qui consiste \u00e0 privil\u00e9giant l&#8217;\u00e9quilibre naturel les hommes et l&#8217;environnement, entre la faune et la flore.<\/p>\n<p style=\"text-align: justify;\">[youtube]http:\/\/youtu.be\/O4DlkG9zvE8[\/youtube]<\/p>\n<p>&nbsp;<\/p>\n<h2 style=\"text-align: justify;\">Refuge LPO du\u00a0Domaine Emile Grelier<\/h2>\n<h3 style=\"text-align: justify;\">Vendredi 25 juillet 2014, inauguration du Refuge LPO en pr\u00e9sence d&#8217;Alain Bougrain Dubourg.<\/h3>\n<iframe src=\"\/\/docs.google.com\/viewer?url=http%3A%2F%2Fwww.cepdivin.org%2Fwp-content%2Fuploads%2F2014%2F07%2FEmile-Grelier-LPO-inauguration.pdf&hl=fr&embedded=true\" class=\"gde-frame\" style=\"width:100%; height:500px; border: none;\" scrolling=\"no\"><\/iframe>\n<p class=\"gde-text\"><a href=\"http:\/\/www.cepdivin.org\/wp-content\/uploads\/2014\/07\/Emile-Grelier-LPO-inauguration.pdf\" class=\"gde-link\">T\u00e9l\u00e9charger (PDF, 1.06Mo)<\/a><\/p>\n<iframe src=\"\/\/docs.google.com\/viewer?url=http%3A%2F%2Fwww.cepdivin.org%2Fwp-content%2Fuploads%2F2014%2F07%2FEmile-Grelier-LPO.pdf&hl=fr&embedded=true\" class=\"gde-frame\" style=\"width:100%; height:500px; border: none;\" scrolling=\"no\"><\/iframe>\n<p class=\"gde-text\"><a href=\"http:\/\/www.cepdivin.org\/wp-content\/uploads\/2014\/07\/Emile-Grelier-LPO.pdf\" class=\"gde-link\">T\u00e9l\u00e9charger (PDF, 185KB)<\/a><\/p>\n<h2 style=\"text-align: justify;\">Liens<\/h2>\n<ul>\n<li style=\"text-align: justify;\">Le Domaine Emile Grelier sur les r\u00e9seaux sociaux : <a href=\"https:\/\/twitter.com\/VINESPRIT\" target=\"_blank\">@VINESPRIT<\/a> ; <a href=\"https:\/\/www.facebook.com\/pages\/Vinesprit\/462815787089350\" target=\"_blank\">Facebook<\/a>.<\/li>\n<li style=\"text-align: justify;\"><a style=\"font-family: sans-serif; font-size: medium; font-style: normal; font-variant: normal; line-height: normal;\" href=\"http:\/\/www.sudouest.fr\/2014\/04\/01\/primeurs-a-bordeaux-l-art-de-faire-du-vin-bio-1511895-713.php\" target=\"_blank\">&#8220;Primeurs \u00e0 Bordeaux : l&#8217;art de faire du vin bio&#8221;<\/a>, par Jean-Pierre Tamisier, Sud-Ouest, 01\/04\/2014.<\/li>\n<li style=\"text-align: justify;\"><a href=\"http:\/\/www.lpo.fr\/actualite\/9e-edition-de-la-semaine-pour-les-alternatives-aux-pesticides\" target=\"_blank\">&#8220;9e \u00e9dition de la semaine pour les alternatives aux pesticides&#8221;<\/a>, LPO, 13\/03\/2014.<\/li>\n<\/ul>\n<h2>En savoir plus<\/h2>\n<iframe src=\"\/\/docs.google.com\/viewer?url=http%3A%2F%2Fwww.cepdivin.org%2Fwp-content%2Fuploads%2F2014%2F07%2FDomaine-Emile-Grelier-Book.pdf&hl=fr&embedded=true\" class=\"gde-frame\" style=\"width:100%; height:500px; border: none;\" scrolling=\"no\"><\/iframe>\n<p class=\"gde-text\"><a href=\"http:\/\/www.cepdivin.org\/wp-content\/uploads\/2014\/07\/Domaine-Emile-Grelier-Book.pdf\" class=\"gde-link\">T\u00e9l\u00e9charger (PDF, 2.44Mo)<\/a><\/p>\n","protected":false},"excerpt":{"rendered":"<p>Agriculture et nature, une histoire d&#8217;\u00e9quilibre Delphine et Beno\u00eet Vinet g\u00e8rent \u00e0 Lapouyade, dans le nord-est de la Gironde, les\u00a0huit hectares plant\u00e9es\u00a0du\u00a0Domaine Emile Grelier,\u00a0du nom du grand p\u00e8re de Delphine. Le couple a cr\u00e9\u00e9 de toute pi\u00e8ce le domaine, plant\u00e9 100 % merlot, et a sorti son premier vin en &#8230;<\/p>\n","protected":false},"author":4,"featured_media":3571,"comment_status":"open","ping_status":"open","sticky":false,"template":"","format":"standard","meta":{"footnotes":""},"categories":[49,20],"tags":[296,53,314,311,94],"class_list":["post-3556","post","type-post","status-publish","format-standard","has-post-thumbnail","hentry","category-articles-en-ligne","category-au-fil-du-net","tag-oenotourisme","tag-patrimoine-rural","tag-paysage","tag-vigneron","tag-vin-biologique","column","onecol","has-thumbnail"],"_links":{"self":[{"href":"https:\/\/www.cepdivin.org\/index.php?rest_route=\/wp\/v2\/posts\/3556","targetHints":{"allow":["GET"]}}],"collection":[{"href":"https:\/\/www.cepdivin.org\/index.php?rest_route=\/wp\/v2\/posts"}],"about":[{"href":"https:\/\/www.cepdivin.org\/index.php?rest_route=\/wp\/v2\/types\/post"}],"author":[{"embeddable":true,"href":"https:\/\/www.cepdivin.org\/index.php?rest_route=\/wp\/v2\/users\/4"}],"replies":[{"embeddable":true,"href":"https:\/\/www.cepdivin.org\/index.php?rest_route=%2Fwp%2Fv2%2Fcomments&post=3556"}],"version-history":[{"count":30,"href":"https:\/\/www.cepdivin.org\/index.php?rest_route=\/wp\/v2\/posts\/3556\/revisions"}],"predecessor-version":[{"id":3610,"href":"https:\/\/www.cepdivin.org\/index.php?rest_route=\/wp\/v2\/posts\/3556\/revisions\/3610"}],"wp:featuredmedia":[{"embeddable":true,"href":"https:\/\/www.cepdivin.org\/index.php?rest_route=\/wp\/v2\/media\/3571"}],"wp:attachment":[{"href":"https:\/\/www.cepdivin.org\/index.php?rest_route=%2Fwp%2Fv2%2Fmedia&parent=3556"}],"wp:term":[{"taxonomy":"category","embeddable":true,"href":"https:\/\/www.cepdivin.org\/index.php?rest_route=%2Fwp%2Fv2%2Fcategories&post=3556"},{"taxonomy":"post_tag","embeddable":true,"href":"https:\/\/www.cepdivin.org\/index.php?rest_route=%2Fwp%2Fv2%2Ftags&post=3556"}],"curies":[{"name":"wp","href":"https:\/\/api.w.org\/{rel}","templated":true}]}}