{"id":3224,"date":"2014-06-03T09:29:03","date_gmt":"2014-06-03T07:29:03","guid":{"rendered":"http:\/\/www.cepdivin.org\/?p=3224"},"modified":"2014-06-03T10:23:50","modified_gmt":"2014-06-03T08:23:50","slug":"part-lange-yves-charnet-litterature-tauromachie","status":"publish","type":"post","link":"https:\/\/www.cepdivin.org\/?p=3224","title":{"rendered":"La Part de l&#8217;Ange | Rencontre avec Yves Charnet"},"content":{"rendered":"<h1 style=\"text-align: justify;\"><a href=\"http:\/\/www.cepdivin.org\/wp-content\/uploads\/2014\/06\/yves-charnet-la-part-de-l-ange-2014-06-06.jpg\" rel=\"target=&quot;_blank&quot;\"><img loading=\"lazy\" decoding=\"async\" class=\"alignleft wp-image-3225 size-medium\" src=\"http:\/\/www.cepdivin.org\/wp-content\/uploads\/2014\/06\/yves-charnet-la-part-de-l-ange-2014-06-06-201x300.jpg\" alt=\"yves charnet la part de l ange 2014 06 06\" width=\"201\" height=\"300\" srcset=\"https:\/\/www.cepdivin.org\/wp-content\/uploads\/2014\/06\/yves-charnet-la-part-de-l-ange-2014-06-06-201x300.jpg 201w, https:\/\/www.cepdivin.org\/wp-content\/uploads\/2014\/06\/yves-charnet-la-part-de-l-ange-2014-06-06.jpg 588w\" sizes=\"auto, (max-width: 201px) 100vw, 201px\" \/><\/a>Yves Charnet : litt\u00e9rature et tauromachie<\/h1>\n<h3 style=\"text-align: justify;\">Rencontre \u00e0 La Part de l&#8217;Ange<\/h3>\n<h3 style=\"text-align: justify;\">Vendredi 6 juin 2014 \u00e0 Portiragnes<\/h3>\n<p>&nbsp;<\/p>\n<p>&nbsp;<\/p>\n<blockquote>\n<p style=\"text-align: justify;\"><span style=\"color: #141823;\">Il est \u00e0 sa mani\u00e8re un torero. Sa cape est faite du noir de l&#8217;encre et les cornes qu&#8217;il affronte ont le tranchant d&#8217;une intimit\u00e9 bless\u00e9e. L&#8217;\u00e9crivain Yves Charnet vient ce <strong>vendredi 6 juin<\/strong> \u00e0 19h au caf\u00e9-bar \u00e0 vins-librairie La Part de l&#8217;Ange \u00e0 Portiragnes, qui poursuit ainsi son exploration de la litt\u00e9rature et de la tau<\/span><span class=\"text_exposed_show\" style=\"color: #141823;\">romachie.<\/span><\/p>\n<\/blockquote>\n<div id=\"fb-root\"><\/div>\n<p><script>\/\/ < ![CDATA[\n\/\/ < ![CDATA[\n(function(d, s, id) { var js, fjs = d.getElementsByTagName(s)[0]; if (d.getElementById(id)) return; js = d.createElement(s); js.id = id; js.src = \"\/\/connect.facebook.net\/fr_FR\/all.js#xfbml=1\"; fjs.parentNode.insertBefore(js, fjs); }(document, 'script', 'facebook-jssdk'));\n\/\/ ]]><\/script><\/p>\n<div class=\"fb-post\" data-href=\"https:\/\/www.facebook.com\/events\/226832777527899\/permalink\/226832790861231\/\" data-width=\"466\">\n<div class=\"fb-xfbml-parse-ignore\"><a href=\"https:\/\/www.facebook.com\/events\/226832777527899\/permalink\/226832790861231\/\" target=\"_blank\">Message sur le mur<\/a> by <a href=\"https:\/\/www.facebook.com\/LaPartDeLAnge\" target=\"_blank\">La Part de l&#8217;Ange<\/a>.<\/div>\n<\/div>\n","protected":false},"excerpt":{"rendered":"<p>Yves Charnet : litt\u00e9rature et tauromachie Rencontre \u00e0 La Part de l&#8217;Ange Vendredi 6 juin 2014 \u00e0 Portiragnes &nbsp; &nbsp; Il est \u00e0 sa mani\u00e8re un torero. Sa cape est faite du noir de l&#8217;encre et les cornes qu&#8217;il affronte ont le tranchant d&#8217;une intimit\u00e9 bless\u00e9e. L&#8217;\u00e9crivain Yves Charnet vient &#8230;<\/p>\n","protected":false},"author":4,"featured_media":3226,"comment_status":"open","ping_status":"open","sticky":false,"template":"","format":"image","meta":{"footnotes":""},"categories":[28],"tags":[292,12,208],"class_list":["post-3224","post","type-post","status-publish","format-image","has-post-thumbnail","hentry","category-lactu-des-membres","tag-degustation","tag-litterature","tag-yves-charnet","post_format-post-format-image","column","onecol"],"_links":{"self":[{"href":"https:\/\/www.cepdivin.org\/index.php?rest_route=\/wp\/v2\/posts\/3224","targetHints":{"allow":["GET"]}}],"collection":[{"href":"https:\/\/www.cepdivin.org\/index.php?rest_route=\/wp\/v2\/posts"}],"about":[{"href":"https:\/\/www.cepdivin.org\/index.php?rest_route=\/wp\/v2\/types\/post"}],"author":[{"embeddable":true,"href":"https:\/\/www.cepdivin.org\/index.php?rest_route=\/wp\/v2\/users\/4"}],"replies":[{"embeddable":true,"href":"https:\/\/www.cepdivin.org\/index.php?rest_route=%2Fwp%2Fv2%2Fcomments&post=3224"}],"version-history":[{"count":3,"href":"https:\/\/www.cepdivin.org\/index.php?rest_route=\/wp\/v2\/posts\/3224\/revisions"}],"predecessor-version":[{"id":3230,"href":"https:\/\/www.cepdivin.org\/index.php?rest_route=\/wp\/v2\/posts\/3224\/revisions\/3230"}],"wp:featuredmedia":[{"embeddable":true,"href":"https:\/\/www.cepdivin.org\/index.php?rest_route=\/wp\/v2\/media\/3226"}],"wp:attachment":[{"href":"https:\/\/www.cepdivin.org\/index.php?rest_route=%2Fwp%2Fv2%2Fmedia&parent=3224"}],"wp:term":[{"taxonomy":"category","embeddable":true,"href":"https:\/\/www.cepdivin.org\/index.php?rest_route=%2Fwp%2Fv2%2Fcategories&post=3224"},{"taxonomy":"post_tag","embeddable":true,"href":"https:\/\/www.cepdivin.org\/index.php?rest_route=%2Fwp%2Fv2%2Ftags&post=3224"}],"curies":[{"name":"wp","href":"https:\/\/api.w.org\/{rel}","templated":true}]}}