{"id":2893,"date":"2014-04-09T23:22:08","date_gmt":"2014-04-09T21:22:08","guid":{"rendered":"http:\/\/www.cepdivin.org\/?p=2893"},"modified":"2014-04-10T19:07:07","modified_gmt":"2014-04-10T17:07:07","slug":"philippe-margot-palais-lelysee","status":"publish","type":"post","link":"https:\/\/www.cepdivin.org\/?p=2893","title":{"rendered":"Philippe Margot | Le Palais de l&#8217;\u00c9lys\u00e9e"},"content":{"rendered":"<h3 style=\"text-align: justify;\"><a href=\"http:\/\/www.cepdivin.org\/wp-content\/uploads\/2014\/04\/Philippe-Margot-Le-Palais-de-l\u00c9lys\u00e9e.jpg\"><img loading=\"lazy\" decoding=\"async\" class=\"alignleft size-medium wp-image-2894\" alt=\"Philippe Margot Le Palais de l'\u00c9lys\u00e9e\" src=\"http:\/\/www.cepdivin.org\/wp-content\/uploads\/2014\/04\/Philippe-Margot-Le-Palais-de-l\u00c9lys\u00e9e-218x300.jpg\" width=\"218\" height=\"300\" srcset=\"https:\/\/www.cepdivin.org\/wp-content\/uploads\/2014\/04\/Philippe-Margot-Le-Palais-de-l\u00c9lys\u00e9e-218x300.jpg 218w, https:\/\/www.cepdivin.org\/wp-content\/uploads\/2014\/04\/Philippe-Margot-Le-Palais-de-l\u00c9lys\u00e9e-332x455.jpg 332w, https:\/\/www.cepdivin.org\/wp-content\/uploads\/2014\/04\/Philippe-Margot-Le-Palais-de-l\u00c9lys\u00e9e.jpg 526w\" sizes=\"auto, (max-width: 218px) 100vw, 218px\" \/><\/a>Philippe Margot,\u00a0<em>Le Palais de l&#8217;Elys\u00e9e<\/em>, lintern@ute.com, 2014, 141 pages.<\/h3>\n<p>[En ligne]\u00a0\u00a0Disponible sur : \u00a0<a href=\"http:\/\/fr.calameo.com\/books\/00003074776ee358d1ff9\" target=\"_blank\">http:\/\/fr.calameo.com\/books\/00003074776ee358d1ff9<\/a><\/p>\n<p style=\"text-align: justify;\">Apr\u00e8s une <strong>description historique<\/strong> de cet h\u00f4tel particulier parisien, situ\u00e9 au n\u00b0 55 rue du Faubourg-Saint-Honor\u00e9, dans le 8e arrondissement, si\u00e8ge de la pr\u00e9sidence de la R\u00e9publique fran\u00e7aise et r\u00e9sidence officielle du pr\u00e9sident de la R\u00e9publique depuis la IIe R\u00e9publique, <strong>l&#8217;auteur nous invite (\u00e0 partir de la page 74) \u00e0 un voyage dans les caves de ce palais, il nous fait d\u00e9couvrir leurs tr\u00e9sors, raconte les vins servis \u00e0 la table des diff\u00e9rents pr\u00e9sidents et une foule d&#8217;anecdotes&#8230;<\/strong><\/p>\n<ul>\n<li>Lire en ligne :<\/li>\n<\/ul>\n<p style=\"text-align: center;\"><div style=\"text-align: center; width:300px; margin: 12px auto;\"><div style=\"margin: 4px 0px;\"><a href=\"http:\/\/calameo.com\/books\/00003074776ee358d1ff9\">View this publication on Calam&eacute;o<\/a><\/div><iframe loading=\"lazy\" src=\"\/\/v.calameo.com\/?bkcode=00003074776ee358d1ff9&amp;language=fr&amp;page=&amp;showsharemenu=true\" width=\"300\" height=\"194\" style=\"width:300px;height:194px\" frameborder=\"0\" scrolling=\"no\" allowtransparency allowfullscreen><\/iframe><div style=\"margin: 4px 0px; font-size: 90%;\"><a rel=\"nofollow\" href=\"http:\/\/calameo.com\/upload\">Publish<\/a> at <a href=\"http:\/\/calameo.com\">Calam&eacute;o<\/a> or <a href=\"http:\/\/calameo.com\/browse\/weekly\/?o=7&amp;w=DESC\">browse<\/a> the library.<\/div><\/div><\/p>\n<ul>\n<li>Page personnelle de Philippe Margot :\u00a0<a href=\"http:\/\/www.cepdivin.org\/persos\/phmargot.html\" target=\"_blank\">VIGNE \u2013 VIN \u2013 ART \u2013 GASTRONOMIE\u2026<\/a><\/li>\n<\/ul>\n","protected":false},"excerpt":{"rendered":"<p>Philippe Margot,\u00a0Le Palais de l&#8217;Elys\u00e9e, lintern@ute.com, 2014, 141 pages. [En ligne]\u00a0\u00a0Disponible sur : \u00a0http:\/\/fr.calameo.com\/books\/00003074776ee358d1ff9 Apr\u00e8s une description historique de cet h\u00f4tel particulier parisien, situ\u00e9 au n\u00b0 55 rue du Faubourg-Saint-Honor\u00e9, dans le 8e arrondissement, si\u00e8ge de la pr\u00e9sidence de la R\u00e9publique fran\u00e7aise et r\u00e9sidence officielle du pr\u00e9sident de la R\u00e9publique &#8230;<\/p>\n","protected":false},"author":4,"featured_media":2895,"comment_status":"open","ping_status":"open","sticky":false,"template":"","format":"image","meta":{"footnotes":""},"categories":[28,30],"tags":[283,84,294,88],"class_list":["post-2893","post","type-post","status-publish","format-image","has-post-thumbnail","hentry","category-lactu-des-membres","category-parutions","tag-architecture","tag-chateau","tag-histoire","tag-philippe-margot","post_format-post-format-image","column","onecol"],"_links":{"self":[{"href":"https:\/\/www.cepdivin.org\/index.php?rest_route=\/wp\/v2\/posts\/2893","targetHints":{"allow":["GET"]}}],"collection":[{"href":"https:\/\/www.cepdivin.org\/index.php?rest_route=\/wp\/v2\/posts"}],"about":[{"href":"https:\/\/www.cepdivin.org\/index.php?rest_route=\/wp\/v2\/types\/post"}],"author":[{"embeddable":true,"href":"https:\/\/www.cepdivin.org\/index.php?rest_route=\/wp\/v2\/users\/4"}],"replies":[{"embeddable":true,"href":"https:\/\/www.cepdivin.org\/index.php?rest_route=%2Fwp%2Fv2%2Fcomments&post=2893"}],"version-history":[{"count":5,"href":"https:\/\/www.cepdivin.org\/index.php?rest_route=\/wp\/v2\/posts\/2893\/revisions"}],"predecessor-version":[{"id":2900,"href":"https:\/\/www.cepdivin.org\/index.php?rest_route=\/wp\/v2\/posts\/2893\/revisions\/2900"}],"wp:featuredmedia":[{"embeddable":true,"href":"https:\/\/www.cepdivin.org\/index.php?rest_route=\/wp\/v2\/media\/2895"}],"wp:attachment":[{"href":"https:\/\/www.cepdivin.org\/index.php?rest_route=%2Fwp%2Fv2%2Fmedia&parent=2893"}],"wp:term":[{"taxonomy":"category","embeddable":true,"href":"https:\/\/www.cepdivin.org\/index.php?rest_route=%2Fwp%2Fv2%2Fcategories&post=2893"},{"taxonomy":"post_tag","embeddable":true,"href":"https:\/\/www.cepdivin.org\/index.php?rest_route=%2Fwp%2Fv2%2Ftags&post=2893"}],"curies":[{"name":"wp","href":"https:\/\/api.w.org\/{rel}","templated":true}]}}