{"id":2251,"date":"2013-11-09T22:38:05","date_gmt":"2013-11-09T21:38:05","guid":{"rendered":"http:\/\/www.cepdivin.org\/?p=2251"},"modified":"2015-10-16T05:57:17","modified_gmt":"2015-10-16T03:57:17","slug":"une-emission-sur-lart-et-le-vignoble","status":"publish","type":"post","link":"https:\/\/www.cepdivin.org\/?p=2251","title":{"rendered":"Une \u00e9mission sur l\u2019art et le vignoble"},"content":{"rendered":"<p>See on <a style=\"font-weight: bold; font-size: 18px;\" href=\"http:\/\/www.scoop.it\/t\/wine-world-web\/p\/4010726030\/2013\/11\/09\/une-emission-sur-l-art-et-le-vignoble\" target=\"_blank\">Scoop.it<\/a> &#8211; <a href=\"http:\/\/www.scoop.it\/t\/wine-world-web\" target=\"_blank\">World Wine Web<\/a><\/p>\n<p><a href=\"http:\/\/www.scoop.it\/t\/wine-world-web\/p\/4010726030\/2013\/11\/09\/une-emission-sur-l-art-et-le-vignoble\" target=\"_blank\"><img loading=\"lazy\" decoding=\"async\" class=\"alignnone\" alt=\"\" src=\"http:\/\/img.scoop.it\/3A-yFJrOtAFqLxdweqd8EDl72eJkfbmt4t8yenImKBXEejxNn4ZJNZ2ss5Ku7Cxt\" width=\"391\" height=\"260\" \/><\/a><\/p>\n<blockquote>\n<p style=\"text-align: justify;\">Une partie du tournage de l\u2019\u00e9mission sp\u00e9ciale de France 3 Aquitaine, &#8220;L\u2019Art au c\u0153ur du vignoble&#8221;, a eu pour cadre le ch\u00e2teau d\u2019Arsac, propri\u00e9t\u00e9 de Philippe Raoux.<\/p>\n<p style=\"text-align: justify;\">Claire Combes, d\u00e9l\u00e9gu\u00e9e r\u00e9gionale de France 3 Aquitaine, arriv\u00e9e en juillet 2012, a eu l\u2019id\u00e9e originale, en cette p\u00e9riode de vendanges, de s\u2019int\u00e9resser au vignoble sous un angle diff\u00e9rent et singulier, pensant qu\u2019il peut inspirer l\u2019art de diff\u00e9rentes fa\u00e7ons.<\/p>\n<p style=\"text-align: justify;\">Pour r\u00e9aliser cette \u00e9mission, l\u2019\u00e9quipe de neuf personnes, dont Marie-Luce Rigout qui est productrice et pr\u00e9sentatrice, tournera dans plusieurs hauts lieux du vin, comme le ch\u00e2teau Haut-Selve (Graves), Clos Fourtet et Fombrauge (Saint-\u00c9milion), Mouton-Rothschild et dans l\u2019atelier de l\u2019artiste plasticien Laurent Valera, \u00e0 Pauillac. Le titre de l\u2019\u00e9mission &#8220;L\u2019Art au c\u0153ur du vignoble&#8221; a pour but de montrer plusieurs aspects de l\u2019art li\u00e9 au vignoble selon plusieurs th\u00e9matiques : vignoble et art contemporain ; vignoble et architecture ; 7e art (cin\u00e9ma) ; engagement de Bernard Magrez.\u00a0[&#8230;]<\/p>\n<\/blockquote>\n<p style=\"text-align: justify;\">See on <a href=\"http:\/\/www.sudouest.fr\/2013\/10\/22\/une-emission-sur-l-art-et-le-vignoble-1206512-2816.php\" target=\"_blank\">www.sudouest.fr<\/a>\u00a0&#8211;\u00a0Publi\u00e9 le 22\/10\/2013<\/p>\n<p style=\"text-align: justify;\">[dailymotion]http:\/\/www.dailymotion.com\/video\/x17caa1_l-art-au-coeur-du-vignoble_tv[\/dailymotion]<\/p>\n<p style=\"text-align: justify;\">En savoir plus sur <a href=\"http:\/\/aquitaine.france3.fr\/emissions\/l-art-au-coeur-du-vignoble\" target=\"_blank\">le site de l&#8217;\u00e9mission<\/a><\/p>\n<p style=\"text-align: justify;\">\n","protected":false},"excerpt":{"rendered":"<p>See on Scoop.it &#8211; World Wine Web Une partie du tournage de l\u2019\u00e9mission sp\u00e9ciale de France 3 Aquitaine, &#8220;L\u2019Art au c\u0153ur du vignoble&#8221;, a eu pour cadre le ch\u00e2teau d\u2019Arsac, propri\u00e9t\u00e9 de Philippe Raoux. Claire Combes, d\u00e9l\u00e9gu\u00e9e r\u00e9gionale de France 3 Aquitaine, arriv\u00e9e en juillet 2012, a eu l\u2019id\u00e9e originale, &#8230;<\/p>\n","protected":false},"author":29,"featured_media":0,"comment_status":"open","ping_status":"open","sticky":false,"template":"","format":"standard","meta":{"footnotes":""},"categories":[20],"tags":[283,282,44],"class_list":["post-2251","post","type-post","status-publish","format-standard","hentry","category-au-fil-du-net","tag-architecture","tag-art","tag-cinema","column","onecol"],"_links":{"self":[{"href":"https:\/\/www.cepdivin.org\/index.php?rest_route=\/wp\/v2\/posts\/2251","targetHints":{"allow":["GET"]}}],"collection":[{"href":"https:\/\/www.cepdivin.org\/index.php?rest_route=\/wp\/v2\/posts"}],"about":[{"href":"https:\/\/www.cepdivin.org\/index.php?rest_route=\/wp\/v2\/types\/post"}],"author":[{"embeddable":true,"href":"https:\/\/www.cepdivin.org\/index.php?rest_route=\/wp\/v2\/users\/29"}],"replies":[{"embeddable":true,"href":"https:\/\/www.cepdivin.org\/index.php?rest_route=%2Fwp%2Fv2%2Fcomments&post=2251"}],"version-history":[{"count":8,"href":"https:\/\/www.cepdivin.org\/index.php?rest_route=\/wp\/v2\/posts\/2251\/revisions"}],"predecessor-version":[{"id":2357,"href":"https:\/\/www.cepdivin.org\/index.php?rest_route=\/wp\/v2\/posts\/2251\/revisions\/2357"}],"wp:attachment":[{"href":"https:\/\/www.cepdivin.org\/index.php?rest_route=%2Fwp%2Fv2%2Fmedia&parent=2251"}],"wp:term":[{"taxonomy":"category","embeddable":true,"href":"https:\/\/www.cepdivin.org\/index.php?rest_route=%2Fwp%2Fv2%2Fcategories&post=2251"},{"taxonomy":"post_tag","embeddable":true,"href":"https:\/\/www.cepdivin.org\/index.php?rest_route=%2Fwp%2Fv2%2Ftags&post=2251"}],"curies":[{"name":"wp","href":"https:\/\/api.w.org\/{rel}","templated":true}]}}