{"id":2135,"date":"2013-10-29T18:48:19","date_gmt":"2013-10-29T17:48:19","guid":{"rendered":"http:\/\/www.cepdivin.org\/?p=2135"},"modified":"2015-10-16T05:59:34","modified_gmt":"2015-10-16T03:59:34","slug":"sylvain-jougla-entre-bacchus-et-sisyphe-le-dur-labeur-du-vigneron","status":"publish","type":"post","link":"https:\/\/www.cepdivin.org\/?p=2135","title":{"rendered":"Sylvain Jougla : Entre Bacchus et Sisyphe, le dur labeur du vigneron"},"content":{"rendered":"<p style=\"text-align: justify;\">See on <a style=\"font-weight: bold; font-size: 18px;\" href=\"http:\/\/www.scoop.it\/t\/wine-world-web\/p\/4010117173\/sylvain-jougla-entre-bacchus-et-sisyphe-le-dur-labeur-du-vigneron\" target=\"_blank\">Scoop.it<\/a> &#8211; <a href=\"http:\/\/www.scoop.it\/t\/wine-world-web\" target=\"_blank\">World Wine Web<\/a><br \/>\n<a href=\"http:\/\/img.scoop.it\/pqTqGoGHa_aKx0vuYHruuTl72eJkfbmt4t8yenImKBXEejxNn4ZJNZ2ss5Ku7Cxt\" target=\"_blank\" rel=\"target=&quot;_blank&quot;\"><img loading=\"lazy\" decoding=\"async\" class=\"alignnone\" alt=\"\" src=\"http:\/\/img.scoop.it\/pqTqGoGHa_aKx0vuYHruuTl72eJkfbmt4t8yenImKBXEejxNn4ZJNZ2ss5Ku7Cxt\" width=\"248\" height=\"305\" \/><\/a><\/p>\n<blockquote>\n<p style=\"text-align: justify;\">Les vendanges sont finies et, de l\u2019avis des vignerons, l\u2019ann\u00e9e sera bonne. Du c\u00f4t\u00e9 de Duras, l\u2019avis de Sylvain Jougla est plus\u2026 mesur\u00e9 ; son aventure m\u00e9rite ici d\u2019\u00eatre cont\u00e9e. \u00c2g\u00e9 de 34 ans, le jeune vigneron r\u00e9side \u00e0 Soumensac et exploite une toute petite parcelle \u00e0 Saint-Jean-de-Duras. Le vin est sa passion. Mieux : son Graal. L\u2019aventure commence \u00e0 B\u00e9ziers, o\u00f9 il na\u00eet, dans une r\u00e9gion o\u00f9 toute sa famille produit du raisin. Chez les Jougla, c\u2019est bien le \u00absang du Christ\u00bb qui coule dans les veines. [&#8230;]<\/p>\n<\/blockquote>\n<p style=\"text-align: justify;\"><a href=\"http:\/\/www.ladepeche.fr\/article\/2013\/10\/27\/1740154-saint-jean-duras-entre-bacchus-sisyphe-dur-labeur-vigneron.html\" target=\"_blank\">En savoir plus<\/a><\/p>\n<div style=\"background-color: #e3e3e3; background-image: url('http:\/\/www.scoop.it\/resources\/img\/v3\/white_quote.png'); background-position: 10px 10px; background-repeat: no-repeat; margin-top: 10px; padding-top: 10px; padding-left: 42px; padding-right: 10px; padding-bottom: 10px; line-height: 17px; word-wrap: break-word; -webkit-hyphens: auto;\">\n<div style=\"margin-left: 0px;\"><b>CEPDIVIN<\/b>&#8216;s insight:<\/div>\n<div style=\"margin-left: 0px;\"><\/div>\n<div style=\"margin-left: 0px;\">\n<p>Sylvain Jougla, Le Petit Clos des Vents, C\u00f4tes de Duras.<\/p>\n<p>Fiche technique :\u00a0<a href=\"http:\/\/goo.gl\/qnW1P1\" target=\"_blank\" rel=\"nofollow\">http:\/\/goo.gl\/qnW1P1<\/a><\/p>\n<\/div>\n<\/div>\n<p>See on <a href=\"http:\/\/www.ladepeche.fr\/article\/2013\/10\/27\/1740154-saint-jean-duras-entre-bacchus-sisyphe-dur-labeur-vigneron.html\" target=\"_blank\">www.ladepeche.fr<\/a>\u00a0&#8211;\u00a0Publi\u00e9 le 27\/10\/2013<\/p>\n","protected":false},"excerpt":{"rendered":"<p>See on Scoop.it &#8211; World Wine Web Les vendanges sont finies et, de l\u2019avis des vignerons, l\u2019ann\u00e9e sera bonne. Du c\u00f4t\u00e9 de Duras, l\u2019avis de Sylvain Jougla est plus\u2026 mesur\u00e9 ; son aventure m\u00e9rite ici d\u2019\u00eatre cont\u00e9e. \u00c2g\u00e9 de 34 ans, le jeune vigneron r\u00e9side \u00e0 Soumensac et exploite une &#8230;<\/p>\n","protected":false},"author":29,"featured_media":0,"comment_status":"open","ping_status":"open","sticky":false,"template":"","format":"gallery","meta":{"footnotes":""},"categories":[20],"tags":[299,311,94,56],"class_list":["post-2135","post","type-post","status-publish","format-gallery","hentry","category-au-fil-du-net","tag-terroir","tag-vigneron","tag-vin-biologique","tag-vin-naturel","post_format-post-format-gallery","column","onecol"],"_links":{"self":[{"href":"https:\/\/www.cepdivin.org\/index.php?rest_route=\/wp\/v2\/posts\/2135","targetHints":{"allow":["GET"]}}],"collection":[{"href":"https:\/\/www.cepdivin.org\/index.php?rest_route=\/wp\/v2\/posts"}],"about":[{"href":"https:\/\/www.cepdivin.org\/index.php?rest_route=\/wp\/v2\/types\/post"}],"author":[{"embeddable":true,"href":"https:\/\/www.cepdivin.org\/index.php?rest_route=\/wp\/v2\/users\/29"}],"replies":[{"embeddable":true,"href":"https:\/\/www.cepdivin.org\/index.php?rest_route=%2Fwp%2Fv2%2Fcomments&post=2135"}],"version-history":[{"count":14,"href":"https:\/\/www.cepdivin.org\/index.php?rest_route=\/wp\/v2\/posts\/2135\/revisions"}],"predecessor-version":[{"id":2137,"href":"https:\/\/www.cepdivin.org\/index.php?rest_route=\/wp\/v2\/posts\/2135\/revisions\/2137"}],"wp:attachment":[{"href":"https:\/\/www.cepdivin.org\/index.php?rest_route=%2Fwp%2Fv2%2Fmedia&parent=2135"}],"wp:term":[{"taxonomy":"category","embeddable":true,"href":"https:\/\/www.cepdivin.org\/index.php?rest_route=%2Fwp%2Fv2%2Fcategories&post=2135"},{"taxonomy":"post_tag","embeddable":true,"href":"https:\/\/www.cepdivin.org\/index.php?rest_route=%2Fwp%2Fv2%2Ftags&post=2135"}],"curies":[{"name":"wp","href":"https:\/\/api.w.org\/{rel}","templated":true}]}}