{"id":4873,"global_id":"www.cepdivin.org?id=4873","global_id_lineage":["www.cepdivin.org?id=4873"],"author":"4","status":"publish","date":"2015-09-12 11:56:37","date_utc":"2015-09-12 09:56:37","modified":"2015-09-12 12:08:10","modified_utc":"2015-09-12 10:08:10","url":"https:\/\/www.cepdivin.org\/?tribe_events=exposition-traces-chateau-palmer","rest_url":"https:\/\/www.cepdivin.org\/index.php?rest_route=\/tribe\/events\/v1\/events\/4873","title":"Exposition | &#8220;Traces&#8221; \/ Ch\u00e2teau Palmer","description":"<h1 style=\"text-align: justify;\">&#8220;TRACES&#8221; \/\u00a0L&#8217;Artoth\u00e8que les arts au mur expose \u00e0 Ch\u00e2teau Palmer<\/h1>\n<h2 id=\"cc-m-header-11561473896\" style=\"text-align: justify;\">\u00a0Du 7 septembre au 23 d\u00e9cembre 2015<\/h2>\n<p>&nbsp;<\/p>\n<p style=\"text-align: justify;\"><strong>A l\u2019invitation du ch\u00e2teau Palmer, l\u2019Artoth\u00e8que les arts au mur (Pessac) pr\u00e9sente une exposition de photographies contemporaines issues de sa collection.<\/strong><\/p>\n<p style=\"text-align: justify;\"><a href=\"http:\/\/www.cepdivin.org\/wp-content\/uploads\/2015\/09\/les-arts-au-mur-logo.png\"><img loading=\"lazy\" decoding=\"async\" class=\"size-full wp-image-4875 aligncenter\" src=\"http:\/\/www.cepdivin.org\/wp-content\/uploads\/2015\/09\/les-arts-au-mur-logo.png\" alt=\"les-arts-au-mur-logo\" width=\"300\" height=\"54\" \/><\/a><\/p>\n<blockquote>\n<p style=\"text-align: justify;\">Les quinze \u0153uvres pr\u00e9sent\u00e9es, cr\u00e9\u00e9es par douze artistes diff\u00e9rents, sont une nouvelle occasion de r\u00e9v\u00e9ler le lien singulier qui unie Ch\u00e2teau Palmer \u00e0 diff\u00e9rentes formes d&#8217;expression artistique. A l&#8217;instar du jazz pour la musique, la photographie dans le domaine des arts visuels pr\u00e9sente cette particularit\u00e9 ch\u00e8re \u00e0 Ch\u00e2teau Palmer d&#8217;associer une cr\u00e9ativit\u00e9 fid\u00e8le \u00e0 la repr\u00e9sentation du r\u00e9el, \u00e0 celle plus irrationnelle de l&#8217;\u00e9motion.<\/p>\n<p style=\"text-align: justify;\">L&#8217;int\u00e9r\u00eat du dialogue qui s&#8217;\u00e9tablit entre les \u0153uvres et l&#8217;activit\u00e9 vinicole du Ch\u00e2teau est multiple. Questionnant les probl\u00e9matiques plus que jamais d&#8217;actualit\u00e9, du logement et de l&#8217;adaptation optimale des activit\u00e9s humaines \u00e0 leurs environnements naturel et urbain elles renvoient \u00e0 la singularit\u00e9 et \u00e0 l&#8217;exquise complexit\u00e9 de la relation qu&#8217;un visiteur &#8211; autant qu&#8217;un employ\u00e9 de Ch\u00e2teau Palmer &#8211; peut entretenir avec ce lieu d&#8217;histoire et de m\u00e9moire encore habit\u00e9 aujourd&#8217;hui.<\/p>\n<\/blockquote>\n<h3 style=\"text-align: justify;\">Artistes expos\u00e9s<\/h3>\n<p style=\"text-align: justify;\">Agn\u00e8s AUBAGUE, John BALDESSARI, Brigitte BAUER, Sabine DELCOUR, Nicolas DESCOTTES, G\u00c9D\u00c9ON, Isabelle KRAISER, Thomas LANFRANCHI, Caroline MOLUSSON, J\u00fcrgen NEFZGER, Sophie RISTELHUEBER, Clemens von WEDEMEYER.<\/p>\n<h3>Informations et r\u00e9servation<\/h3>\n<p><strong>Sur r\u00e9servation :<\/strong> chateau-palmer@chateau-palmer.com<br \/>\nL\u2019exposition est visible du lundi au vendredi sur rendez-vous,\u00a0dans le cadre des visites \u00e0 Ch\u00e2teau Palmer.<\/p>\n<p><strong>Ch\u00e2teau Palmer<\/strong><br \/>\n33460 Margaux France<br \/>\n05 57 88 72 72<br \/>\n<a href=\"http:\/\/www.chateau-palmer.com\/\" target=\"_blank\">www.chateau-palmer.com<\/a><\/p>\n<p><strong>Artoth\u00e8que les arts au mur<\/strong><br \/>\n<a href=\"http:\/\/lesartsaumur.jimdo.com\/\" target=\"_blank\">http:\/\/lesartsaumur.jimdo.com\/<\/a><\/p>","excerpt":"","slug":"exposition-traces-chateau-palmer","image":{"url":"https:\/\/www.cepdivin.org\/wp-content\/uploads\/2015\/09\/Traces-Chateau-Palmer-e1442052720108.jpg","id":4874,"extension":"jpg","width":1372,"height":658,"sizes":{"thumbnail":{"width":150,"height":150,"mime-type":"image\/jpeg","url":"https:\/\/www.cepdivin.org\/wp-content\/uploads\/2015\/09\/Traces-Chateau-Palmer-e1442052720108-150x150.jpg"},"medium":{"width":300,"height":144,"mime-type":"image\/jpeg","url":"https:\/\/www.cepdivin.org\/wp-content\/uploads\/2015\/09\/Traces-Chateau-Palmer-e1442052720108-300x144.jpg"},"large":{"width":1024,"height":491,"mime-type":"image\/jpeg","url":"https:\/\/www.cepdivin.org\/wp-content\/uploads\/2015\/09\/Traces-Chateau-Palmer-e1442052720108-1024x491.jpg"},"wysija-newsletters-max":{"width":600,"height":288,"mime-type":"image\/jpeg","url":"https:\/\/www.cepdivin.org\/wp-content\/uploads\/2015\/09\/Traces-Chateau-Palmer-e1442052720108-600x288.jpg"},"slider-thumb":{"width":1140,"height":395,"mime-type":"image\/jpeg","url":"https:\/\/www.cepdivin.org\/wp-content\/uploads\/2015\/09\/Traces-Chateau-Palmer-e1442052720108-1140x395.jpg"},"blog-thumb":{"width":700,"height":336,"mime-type":"image\/jpeg","url":"https:\/\/www.cepdivin.org\/wp-content\/uploads\/2015\/09\/Traces-Chateau-Palmer-e1442052720108-700x336.jpg"},"teaser-thumb":{"width":332,"height":159,"mime-type":"image\/jpeg","url":"https:\/\/www.cepdivin.org\/wp-content\/uploads\/2015\/09\/Traces-Chateau-Palmer-e1442052720108-332x159.jpg"},"gallery-1-thumb":{"width":432,"height":432,"mime-type":"image\/jpeg","url":"https:\/\/www.cepdivin.org\/wp-content\/uploads\/2015\/09\/Traces-Chateau-Palmer-e1442052720108-432x432.jpg"},"gallery-2-thumb":{"width":268,"height":268,"mime-type":"image\/jpeg","url":"https:\/\/www.cepdivin.org\/wp-content\/uploads\/2015\/09\/Traces-Chateau-Palmer-e1442052720108-268x268.jpg"},"gallery-3-thumb":{"width":268,"height":164,"mime-type":"image\/jpeg","url":"https:\/\/www.cepdivin.org\/wp-content\/uploads\/2015\/09\/Traces-Chateau-Palmer-e1442052720108-268x164.jpg"},"image-thumb":{"width":700,"height":336,"mime-type":"image\/jpeg","url":"https:\/\/www.cepdivin.org\/wp-content\/uploads\/2015\/09\/Traces-Chateau-Palmer-e1442052720108-700x336.jpg"},"video-thumb":{"width":700,"height":393,"mime-type":"image\/jpeg","url":"https:\/\/www.cepdivin.org\/wp-content\/uploads\/2015\/09\/Traces-Chateau-Palmer-e1442052720108-700x393.jpg"}}},"all_day":true,"start_date":"2015-09-07 00:00:00","start_date_details":{"year":"2015","month":"09","day":"07","hour":"00","minutes":"00","seconds":"00"},"end_date":"2015-12-23 23:59:59","end_date_details":{"year":"2015","month":"12","day":"23","hour":"23","minutes":"59","seconds":"59"},"utc_start_date":null,"utc_start_date_details":{"year":"1970","month":"01","day":"01","hour":"00","minutes":"00","seconds":"00"},"utc_end_date":null,"utc_end_date_details":{"year":"1970","month":"01","day":"01","hour":"00","minutes":"00","seconds":"00"},"timezone":"","timezone_abbr":"","cost":"","cost_details":{"currency_symbol":"","currency_code":"","currency_position":"prefix","values":[]},"website":"http:\/\/lesartsaumur.jimdo.com\/actu-2015-traces\/","show_map":true,"show_map_link":true,"hide_from_listings":false,"sticky":false,"featured":false,"categories":[{"name":"Expositions","slug":"expositions","term_group":0,"term_taxonomy_id":269,"taxonomy":"tribe_events_cat","description":"","parent":0,"count":13,"filter":"raw","id":304,"urls":{"self":"https:\/\/www.cepdivin.org\/index.php?rest_route=\/tribe\/events\/v1\/categories\/304","collection":"https:\/\/www.cepdivin.org\/index.php?rest_route=\/tribe\/events\/v1\/categories"}}],"tags":[{"name":"art","slug":"art","term_group":0,"term_taxonomy_id":13,"taxonomy":"post_tag","description":"","parent":0,"count":58,"filter":"raw","id":282,"urls":{"self":"https:\/\/www.cepdivin.org\/index.php?rest_route=\/tribe\/events\/v1\/tags\/282","collection":"https:\/\/www.cepdivin.org\/index.php?rest_route=\/tribe\/events\/v1\/tags"}},{"name":"Artoth\u00e8que les arts au mur","slug":"artotheque-les-arts-au-mur","term_group":0,"term_taxonomy_id":346,"taxonomy":"post_tag","description":"","parent":0,"count":1,"filter":"raw","id":342,"urls":{"self":"https:\/\/www.cepdivin.org\/index.php?rest_route=\/tribe\/events\/v1\/tags\/342","collection":"https:\/\/www.cepdivin.org\/index.php?rest_route=\/tribe\/events\/v1\/tags"}},{"name":"ch\u00e2teau","slug":"chateau","term_group":0,"term_taxonomy_id":98,"taxonomy":"post_tag","description":"","parent":0,"count":7,"filter":"raw","id":84,"urls":{"self":"https:\/\/www.cepdivin.org\/index.php?rest_route=\/tribe\/events\/v1\/tags\/84","collection":"https:\/\/www.cepdivin.org\/index.php?rest_route=\/tribe\/events\/v1\/tags"}},{"name":"Ch\u00e2teau Palmer","slug":"chateau-palmer","term_group":0,"term_taxonomy_id":345,"taxonomy":"post_tag","description":"","parent":0,"count":1,"filter":"raw","id":341,"urls":{"self":"https:\/\/www.cepdivin.org\/index.php?rest_route=\/tribe\/events\/v1\/tags\/341","collection":"https:\/\/www.cepdivin.org\/index.php?rest_route=\/tribe\/events\/v1\/tags"}},{"name":"Margaux","slug":"margaux","term_group":0,"term_taxonomy_id":344,"taxonomy":"post_tag","description":"","parent":0,"count":1,"filter":"raw","id":340,"urls":{"self":"https:\/\/www.cepdivin.org\/index.php?rest_route=\/tribe\/events\/v1\/tags\/340","collection":"https:\/\/www.cepdivin.org\/index.php?rest_route=\/tribe\/events\/v1\/tags"}},{"name":"photographie","slug":"photographie","term_group":0,"term_taxonomy_id":50,"taxonomy":"post_tag","description":"","parent":0,"count":31,"filter":"raw","id":293,"urls":{"self":"https:\/\/www.cepdivin.org\/index.php?rest_route=\/tribe\/events\/v1\/tags\/293","collection":"https:\/\/www.cepdivin.org\/index.php?rest_route=\/tribe\/events\/v1\/tags"}}],"venue":[],"organizer":[{"id":4877,"author":"4","status":"publish","date":"2015-09-12 11:56:41","date_utc":"2015-09-12 09:56:41","modified":"2015-09-12 11:56:41","modified_utc":"2015-09-12 09:56:41","url":"https:\/\/www.cepdivin.org\/?tribe_organizer=artotheque-les-arts-au-mur","organizer":"Artoth\u00e8que les arts au mur","slug":"artotheque-les-arts-au-mur","phone":"05 56 46 38 41","website":"http:\/\/lesartsaumur.jimdo.com\/","email":"contact@lesartsaumur.com","json_ld":{"@type":"Person","name":"Artoth\u00e8que les arts au mur","description":"","url":"http:\/\/lesartsaumur.jimdo.com\/","telephone":"05 56 46 38 41","email":"co&#110;&#116;a&#99;&#116;&#64;l&#101;&#115;a&#114;&#116;s&#97;u&#109;ur.c&#111;m","sameAs":"http:\/\/lesartsaumur.jimdo.com\/"},"global_id":"www.cepdivin.org?id=4877","global_id_lineage":["www.cepdivin.org?id=4877"]}],"custom_fields":[],"json_ld":{"@context":"http:\/\/schema.org","@type":"Event","name":"Exposition | &#8220;Traces&#8221; \/ Ch\u00e2teau Palmer","description":"&lt;p&gt;&quot;TRACES&quot; \/\u00a0L\\'Artoth\u00e8que les arts au mur expose \u00e0 Ch\u00e2teau Palmer \u00a0Du 7 septembre au 23 d\u00e9cembre 2015 &nbsp; A l\u2019invitation du ch\u00e2teau Palmer, l\u2019Artoth\u00e8que les arts au mur (Pessac) pr\u00e9sente une exposition de photographies contemporaines issues de sa collection. Les quinze \u0153uvres pr\u00e9sent\u00e9es, cr\u00e9\u00e9es par douze artistes diff\u00e9rents, sont une &#8230;&lt;\/p&gt;\\n","image":"https:\/\/www.cepdivin.org\/wp-content\/uploads\/2015\/09\/Traces-Chateau-Palmer-e1442052720108.jpg","url":"https:\/\/www.cepdivin.org\/?tribe_events=exposition-traces-chateau-palmer","eventAttendanceMode":"https:\/\/schema.org\/OfflineEventAttendanceMode","eventStatus":"https:\/\/schema.org\/EventScheduled","startDate":"2015-09-07T00:00:00+02:00","endDate":"2015-12-23T23:59:59+01:00","organizer":{"@type":"Person","name":"Artoth\u00e8que les arts au mur","description":"","url":"http:\/\/lesartsaumur.jimdo.com\/","telephone":"05 56 46 38 41","email":"c&#111;&#110;&#116;&#97;&#99;&#116;&#64;&#108;&#101;&#115;&#97;&#114;&#116;sau&#109;u&#114;.co&#109;","sameAs":"http:\/\/lesartsaumur.jimdo.com\/"},"performer":"Organization"}}