{"id":4144,"global_id":"www.cepdivin.org?id=4144","global_id_lineage":["www.cepdivin.org?id=4144"],"author":"4","status":"publish","date":"2015-04-11 11:40:40","date_utc":"2015-04-11 09:40:40","modified":"2015-04-11 11:55:54","modified_utc":"2015-04-11 09:55:54","url":"https:\/\/www.cepdivin.org\/?tribe_events=spectacle-in-vino-veritas","rest_url":"https:\/\/www.cepdivin.org\/index.php?rest_route=\/tribe\/events\/v1\/events\/4144","title":"Spectacle | In vino veritas","description":"<h1 style=\"text-align: justify;\">Autour des vins de Bordeaux et du reste du monde<\/h1>\n<h2 style=\"text-align: justify;\">&#8220;IN VINO VERITAS&#8221; : un spectacle historique, humoristique, litt\u00e9raire, musica<\/h2>\n<h1 style=\"text-align: justify;\"><a href=\"http:\/\/www.scoop.it\/t\/wine-world-web\/p\/4026318867\/2014\/08\/15\/spectacle-in-vino-veritas\" target=\"_blank\"><img decoding=\"async\" class=\"alignleft\" style=\"width: 50%;\" src=\"http:\/\/www.cepdivin.org\/wp-content\/uploads\/2014\/08\/5e5840d8-7dfa-47e5-84d2-bbaacbe5904d.jpg\" alt=\"\" \/><\/a><\/h1>\n<h4 style=\"text-align: justify;\"><strong>Fran\u00e7ois Mauget<\/strong>\u00a0: com\u00e9dien, conteur<\/h4>\n<h4 style=\"text-align: justify;\"><strong>Pascal Lefeuvre <\/strong>:<strong>\u00a0<\/strong>vielliste, musicien<\/h4>\n<p style=\"text-align: justify;\">A partir de <strong>textes et citations<\/strong> de Pierre Desproges, Georges Brassens, Rabelais, Raymond Devos, PierreDac, Coluche, Baudelaire, Montesquieu, Paul\u00a0Claudel, Boris Vian, Gaston Bachelard, Jean-Claude Pirotte&#8230;\u00a0Et <strong>des musiques en forme de tour du monde vinicole<\/strong> de : L\u00e9o Ferr\u00e9, Georges Brassens, Boris Vian, Ariel Ram\u00edrez, Consuelo Vel\u00e1zquez, Ross Daly, Pascal Lefeuvre\u2026<\/p>\n<h2 style=\"text-align: justify;\"><\/h2>\n<h3 style=\"text-align: justify;\">Prochaines repr\u00e9sentations :<\/h3>\n<ul>\n<li style=\"text-align: justify;\"><b>Le samedi 25 avril 2015 &#8211; 20h<\/b><br \/>\nau Mus\u00e9e de la vigne et du vin &#8211; Gradignan<br \/>\n288 cours du G\u00e9n\u00e9ral de Gaulle &#8211; r\u00e9s : 05 56 89 07 91 &#8211;<br \/>\n<b><\/b><\/li>\n<li style=\"text-align: justify;\"><b>Le dimanche 26 avril 2015 &#8211; 17h<\/b><br \/>\n\u00e0 la Belle Lurette &#8211; St Macaire &#8211; pas de r\u00e9servation, entr\u00e9e libre<\/li>\n<\/ul>\n<div id='gallery-1' class='gallery galleryid-0 gallery-columns-3 gallery-size-thumbnail'><figure class='gallery-item'>\n\t\t\t<div class='gallery-icon landscape'>\n\t\t\t\t<a rel='attachment' href='https:\/\/www.cepdivin.org\/wp-content\/uploads\/2015\/04\/flyer-IN-VINO-VERITAS-gradignan-2015.jpg'><img loading=\"lazy\" decoding=\"async\" width=\"150\" height=\"150\" src=\"https:\/\/www.cepdivin.org\/wp-content\/uploads\/2015\/04\/flyer-IN-VINO-VERITAS-gradignan-2015-150x150.jpg\" class=\"attachment-thumbnail size-thumbnail\" alt=\"\" srcset=\"https:\/\/www.cepdivin.org\/wp-content\/uploads\/2015\/04\/flyer-IN-VINO-VERITAS-gradignan-2015-150x150.jpg 150w, https:\/\/www.cepdivin.org\/wp-content\/uploads\/2015\/04\/flyer-IN-VINO-VERITAS-gradignan-2015-432x432.jpg 432w, https:\/\/www.cepdivin.org\/wp-content\/uploads\/2015\/04\/flyer-IN-VINO-VERITAS-gradignan-2015-268x268.jpg 268w\" sizes=\"auto, (max-width: 150px) 100vw, 150px\" \/><\/a>\n\t\t\t<\/div><\/figure><figure class='gallery-item'>\n\t\t\t<div class='gallery-icon portrait'>\n\t\t\t\t<a rel='attachment' href='https:\/\/www.cepdivin.org\/wp-content\/uploads\/2015\/04\/in-vino-veritas-doc-avril-2015.jpg'><img loading=\"lazy\" decoding=\"async\" width=\"150\" height=\"150\" src=\"https:\/\/www.cepdivin.org\/wp-content\/uploads\/2015\/04\/in-vino-veritas-doc-avril-2015-150x150.jpg\" class=\"attachment-thumbnail size-thumbnail\" alt=\"\" srcset=\"https:\/\/www.cepdivin.org\/wp-content\/uploads\/2015\/04\/in-vino-veritas-doc-avril-2015-150x150.jpg 150w, https:\/\/www.cepdivin.org\/wp-content\/uploads\/2015\/04\/in-vino-veritas-doc-avril-2015-432x432.jpg 432w, https:\/\/www.cepdivin.org\/wp-content\/uploads\/2015\/04\/in-vino-veritas-doc-avril-2015-268x268.jpg 268w\" sizes=\"auto, (max-width: 150px) 100vw, 150px\" \/><\/a>\n\t\t\t<\/div><\/figure><figure class='gallery-item'>\n\t\t\t<div class='gallery-icon landscape'>\n\t\t\t\t<a rel='attachment' href='https:\/\/www.cepdivin.org\/wp-content\/uploads\/2015\/04\/flyer-IN-VINO-VERITAS-avril-2015.jpg'><img loading=\"lazy\" decoding=\"async\" width=\"150\" height=\"150\" src=\"https:\/\/www.cepdivin.org\/wp-content\/uploads\/2015\/04\/flyer-IN-VINO-VERITAS-avril-2015-150x150.jpg\" class=\"attachment-thumbnail size-thumbnail\" alt=\"\" srcset=\"https:\/\/www.cepdivin.org\/wp-content\/uploads\/2015\/04\/flyer-IN-VINO-VERITAS-avril-2015-150x150.jpg 150w, https:\/\/www.cepdivin.org\/wp-content\/uploads\/2015\/04\/flyer-IN-VINO-VERITAS-avril-2015-432x432.jpg 432w, https:\/\/www.cepdivin.org\/wp-content\/uploads\/2015\/04\/flyer-IN-VINO-VERITAS-avril-2015-268x268.jpg 268w\" sizes=\"auto, (max-width: 150px) 100vw, 150px\" \/><\/a>\n\t\t\t<\/div><\/figure>\n\t\t<\/div>\n\n<h3 style=\"text-align: justify;\">Contact :<\/h3>\n<p style=\"text-align: justify;\">CARMA Productions &#8211; 24bis rue Yquem<br \/>\nF-33490 St Macaire &#8211; Tel : 06\u200884\u200853\u200808\u200805<br \/>\ndirection@albacarma.com &#8211; <a href=\"http:\/\/albacarma.com\" target=\"_blank\">http:\/\/albacarma.com<\/a><\/p>","excerpt":"","slug":"spectacle-in-vino-veritas","image":{"url":"https:\/\/www.cepdivin.org\/wp-content\/uploads\/2015\/04\/IN-VINO-VERITAS-2015.jpg","id":4150,"extension":"jpg","width":1130,"height":510,"sizes":{"thumbnail":{"width":150,"height":150,"mime-type":"image\/jpeg","url":"https:\/\/www.cepdivin.org\/wp-content\/uploads\/2015\/04\/IN-VINO-VERITAS-2015-150x150.jpg"},"medium":{"width":300,"height":135,"mime-type":"image\/jpeg","url":"https:\/\/www.cepdivin.org\/wp-content\/uploads\/2015\/04\/IN-VINO-VERITAS-2015-300x135.jpg"},"large":{"width":1024,"height":462,"mime-type":"image\/jpeg","url":"https:\/\/www.cepdivin.org\/wp-content\/uploads\/2015\/04\/IN-VINO-VERITAS-2015-1024x462.jpg"},"wysija-newsletters-max":{"width":600,"height":271,"mime-type":"image\/jpeg","url":"https:\/\/www.cepdivin.org\/wp-content\/uploads\/2015\/04\/IN-VINO-VERITAS-2015-600x271.jpg"},"slider-thumb":{"width":1130,"height":395,"mime-type":"image\/jpeg","url":"https:\/\/www.cepdivin.org\/wp-content\/uploads\/2015\/04\/IN-VINO-VERITAS-2015-1130x395.jpg"},"blog-thumb":{"width":700,"height":316,"mime-type":"image\/jpeg","url":"https:\/\/www.cepdivin.org\/wp-content\/uploads\/2015\/04\/IN-VINO-VERITAS-2015-700x316.jpg"},"teaser-thumb":{"width":332,"height":150,"mime-type":"image\/jpeg","url":"https:\/\/www.cepdivin.org\/wp-content\/uploads\/2015\/04\/IN-VINO-VERITAS-2015-332x150.jpg"},"gallery-1-thumb":{"width":432,"height":432,"mime-type":"image\/jpeg","url":"https:\/\/www.cepdivin.org\/wp-content\/uploads\/2015\/04\/IN-VINO-VERITAS-2015-432x432.jpg"},"gallery-2-thumb":{"width":268,"height":268,"mime-type":"image\/jpeg","url":"https:\/\/www.cepdivin.org\/wp-content\/uploads\/2015\/04\/IN-VINO-VERITAS-2015-268x268.jpg"},"gallery-3-thumb":{"width":268,"height":164,"mime-type":"image\/jpeg","url":"https:\/\/www.cepdivin.org\/wp-content\/uploads\/2015\/04\/IN-VINO-VERITAS-2015-268x164.jpg"},"image-thumb":{"width":700,"height":316,"mime-type":"image\/jpeg","url":"https:\/\/www.cepdivin.org\/wp-content\/uploads\/2015\/04\/IN-VINO-VERITAS-2015-700x316.jpg"},"video-thumb":{"width":700,"height":393,"mime-type":"image\/jpeg","url":"https:\/\/www.cepdivin.org\/wp-content\/uploads\/2015\/04\/IN-VINO-VERITAS-2015-700x393.jpg"}}},"all_day":true,"start_date":"2015-04-25 00:00:00","start_date_details":{"year":"2015","month":"04","day":"25","hour":"00","minutes":"00","seconds":"00"},"end_date":"2015-04-26 23:59:59","end_date_details":{"year":"2015","month":"04","day":"26","hour":"23","minutes":"59","seconds":"59"},"utc_start_date":null,"utc_start_date_details":{"year":"1970","month":"01","day":"01","hour":"00","minutes":"00","seconds":"00"},"utc_end_date":null,"utc_end_date_details":{"year":"1970","month":"01","day":"01","hour":"00","minutes":"00","seconds":"00"},"timezone":"","timezone_abbr":"","cost":"","cost_details":{"currency_symbol":"$","currency_code":"","currency_position":"prefix","values":[]},"website":"http:\/\/albacarma.com\/artistes\/in-vino-veritas\/","show_map":true,"show_map_link":true,"hide_from_listings":false,"sticky":true,"featured":false,"categories":[{"name":"Spectacles","slug":"spectacles","term_group":0,"term_taxonomy_id":256,"taxonomy":"tribe_events_cat","description":"","parent":0,"count":13,"filter":"raw","id":301,"urls":{"self":"https:\/\/www.cepdivin.org\/index.php?rest_route=\/tribe\/events\/v1\/categories\/301","collection":"https:\/\/www.cepdivin.org\/index.php?rest_route=\/tribe\/events\/v1\/categories"}}],"tags":[{"name":"chanson","slug":"chanson","term_group":0,"term_taxonomy_id":195,"taxonomy":"post_tag","description":"","parent":0,"count":9,"filter":"raw","id":161,"urls":{"self":"https:\/\/www.cepdivin.org\/index.php?rest_route=\/tribe\/events\/v1\/tags\/161","collection":"https:\/\/www.cepdivin.org\/index.php?rest_route=\/tribe\/events\/v1\/tags"}},{"name":"Gradignan","slug":"gradignan","term_group":0,"term_taxonomy_id":303,"taxonomy":"post_tag","description":"","parent":0,"count":2,"filter":"raw","id":248,"urls":{"self":"https:\/\/www.cepdivin.org\/index.php?rest_route=\/tribe\/events\/v1\/tags\/248","collection":"https:\/\/www.cepdivin.org\/index.php?rest_route=\/tribe\/events\/v1\/tags"}},{"name":"histoire","slug":"histoire","term_group":0,"term_taxonomy_id":51,"taxonomy":"post_tag","description":"","parent":0,"count":91,"filter":"raw","id":294,"urls":{"self":"https:\/\/www.cepdivin.org\/index.php?rest_route=\/tribe\/events\/v1\/tags\/294","collection":"https:\/\/www.cepdivin.org\/index.php?rest_route=\/tribe\/events\/v1\/tags"}},{"name":"litt\u00e9rature","slug":"litterature","term_group":0,"term_taxonomy_id":12,"taxonomy":"post_tag","description":"","parent":0,"count":92,"filter":"raw","id":12,"urls":{"self":"https:\/\/www.cepdivin.org\/index.php?rest_route=\/tribe\/events\/v1\/tags\/12","collection":"https:\/\/www.cepdivin.org\/index.php?rest_route=\/tribe\/events\/v1\/tags"}}],"venue":[],"organizer":[{"id":4148,"author":"4","status":"publish","date":"2015-04-11 11:40:42","date_utc":"2015-04-11 09:40:42","modified":"2015-04-11 11:40:42","modified_utc":"2015-04-11 09:40:42","url":"https:\/\/www.cepdivin.org\/?tribe_organizer=carma-productions","organizer":"CARMA Productions","slug":"carma-productions","phone":"06 84 53 08 05","website":"http:\/\/albacarma.com","email":"direction@albacarma.com ","json_ld":{"@type":"Person","name":"CARMA Productions","description":"","url":"http:\/\/albacarma.com","telephone":"06 84 53 08 05","email":"&#100;&#105;re&#99;&#116;&#105;on&#64;a&#108;&#98;&#97;&#99;a&#114;&#109;a.co&#109; ","sameAs":"http:\/\/albacarma.com"},"global_id":"www.cepdivin.org?id=4148","global_id_lineage":["www.cepdivin.org?id=4148"]}],"custom_fields":[],"json_ld":{"@context":"http:\/\/schema.org","@type":"Event","name":"Spectacle | In vino veritas","description":"&lt;p&gt;Autour des vins de Bordeaux et du reste du monde &quot;IN VINO VERITAS&quot; : un spectacle historique, humoristique, litt\u00e9raire, musica Fran\u00e7ois Mauget\u00a0: com\u00e9dien, conteur Pascal Lefeuvre :\u00a0vielliste, musicien A partir de textes et citations de Pierre Desproges, Georges Brassens, Rabelais, Raymond Devos, PierreDac, Coluche, Baudelaire, Montesquieu, Paul\u00a0Claudel, Boris Vian, Gaston &#8230;&lt;\/p&gt;\\n","image":"https:\/\/www.cepdivin.org\/wp-content\/uploads\/2015\/04\/IN-VINO-VERITAS-2015.jpg","url":"https:\/\/www.cepdivin.org\/?tribe_events=spectacle-in-vino-veritas","eventAttendanceMode":"https:\/\/schema.org\/OfflineEventAttendanceMode","eventStatus":"https:\/\/schema.org\/EventScheduled","startDate":"2015-04-25T00:00:00+02:00","endDate":"2015-04-26T23:59:59+02:00","organizer":{"@type":"Person","name":"CARMA Productions","description":"","url":"http:\/\/albacarma.com","telephone":"06 84 53 08 05","email":"d&#105;&#114;&#101;&#99;ti&#111;&#110;&#64;&#97;&#108;b&#97;&#99;&#97;&#114;&#109;&#97;.com&#32;","sameAs":"http:\/\/albacarma.com"},"performer":"Organization"}}