{"id":3681,"global_id":"www.cepdivin.org?id=3681","global_id_lineage":["www.cepdivin.org?id=3681"],"author":"4","status":"publish","date":"2014-08-31 20:40:22","date_utc":"2014-08-31 18:40:22","modified":"2014-09-08 11:51:04","modified_utc":"2014-09-08 09:51:04","url":"https:\/\/www.cepdivin.org\/?tribe_events=festival-vino-voce","rest_url":"https:\/\/www.cepdivin.org\/index.php?rest_route=\/tribe\/events\/v1\/events\/3681","title":"Festival | Vino Voce","description":"<h1 style=\"text-align: justify;\">Toutes les voix sous toutes les formes.<\/h1>\n<h3 style=\"text-align: justify;\"><img loading=\"lazy\" decoding=\"async\" class=\"alignleft wp-image-3674 size-medium\" style=\"font-weight: inherit; font-style: inherit;\" src=\"http:\/\/www.cepdivin.org\/wp-content\/uploads\/2014\/08\/vino-voce-2014-logo-287x300.jpg\" alt=\"vino voce 2014 logo\" width=\"287\" height=\"300\" srcset=\"https:\/\/www.cepdivin.org\/wp-content\/uploads\/2014\/08\/vino-voce-2014-logo-287x300.jpg 287w, https:\/\/www.cepdivin.org\/wp-content\/uploads\/2014\/08\/vino-voce-2014-logo-600x625.jpg 600w, https:\/\/www.cepdivin.org\/wp-content\/uploads\/2014\/08\/vino-voce-2014-logo-332x346.jpg 332w, https:\/\/www.cepdivin.org\/wp-content\/uploads\/2014\/08\/vino-voce-2014-logo.jpg 608w\" sizes=\"auto, (max-width: 287px) 100vw, 287px\" \/><br \/>\nLa premi\u00e8re \u00e9dition du festival de la voix\u00a0<strong style=\"font-weight: 600; font-style: inherit;\">Vino voce<\/strong>, qui se tiendra \u00e0 Saint-Emilion du 12 au 14 septembre 2014, est parrain\u00e9e par l\u2019acteur Michael\u00a0Lonsdale\u00a0et le contre-t\u00e9nor Philippe Jaroussky.<\/h3>\n<p><img loading=\"lazy\" decoding=\"async\" class=\"alignright wp-image-3670 size-medium\" style=\"font-weight: inherit; font-style: inherit;\" src=\"http:\/\/www.cepdivin.org\/wp-content\/uploads\/2014\/08\/vino-voce-2014-affiche-199x300.jpg\" alt=\"vino voce 2014 affiche\" width=\"199\" height=\"300\" srcset=\"https:\/\/www.cepdivin.org\/wp-content\/uploads\/2014\/08\/vino-voce-2014-affiche-199x300.jpg 199w, https:\/\/www.cepdivin.org\/wp-content\/uploads\/2014\/08\/vino-voce-2014-affiche-681x1024.jpg 681w, https:\/\/www.cepdivin.org\/wp-content\/uploads\/2014\/08\/vino-voce-2014-affiche-600x901.jpg 600w, https:\/\/www.cepdivin.org\/wp-content\/uploads\/2014\/08\/vino-voce-2014-affiche-700x1051.jpg 700w, https:\/\/www.cepdivin.org\/wp-content\/uploads\/2014\/08\/vino-voce-2014-affiche-332x498.jpg 332w, https:\/\/www.cepdivin.org\/wp-content\/uploads\/2014\/08\/vino-voce-2014-affiche.jpg 1164w\" sizes=\"auto, (max-width: 199px) 100vw, 199px\" \/>Mettant en sc\u00e8ne\u00a0<strong style=\"font-weight: 600; font-style: inherit;\">la voix sous toutes ses formes<\/strong>\u00a0: de la voix chant\u00e9e \u00e0 la lecture \u00e0 haute voix, des nouvelles technologies appliqu\u00e9es \u00e0 la voix au doublage cin\u00e9matographique, des voix radiophoniques \u00e0 la voix dans la psychanalyse, de l\u2019art de l\u2019imitateur \u00e0 celui du ventriloque\u2026<\/p>\n<p><strong style=\"font-weight: 600; font-style: inherit;\"><br \/>\nVino Voce<\/strong>, ce sont\u00a0les mille et une facettes de la voix dans l&#8217;art et dans la vie\u00a0au travers de spectacles, de rencontres et d&#8217;ateliers.<\/p>\n<p>Clin d&#8217;\u0153il aux expressions musicales Sotto Voce ou Mezzo Voce,\u00a0le titre du festival est aussi un hommage aux terroirs viticoles.<\/p>\n<p>[youtube]http:\/\/youtu.be\/3FpxZDiU_Hs[\/youtube]<\/p>\n<h3 style=\"text-align: justify;\">Les organisateurs<\/h3>\n<p><strong style=\"font-weight: 600; font-style: inherit;\">Nadine Vasseur<\/strong>, Directeur artistique, \u00e0 l\u2019origine du projet, avec \u00e0 ses c\u00f4t\u00e9s,\u00a0<strong style=\"font-weight: 600; font-style: inherit;\">Antoine Girard<\/strong>, Directeur artistique adjoint et\u00a0<strong style=\"font-weight: 600; font-style: inherit;\">Fran\u00e7ois des Ligneris<\/strong>\u00a0(Propri\u00e9taire de L\u2019Envers du D\u00e9cor, Pr\u00e9sident de l\u2019Association Vino Voce).<\/p>\n<h3 style=\"text-align: justify;\">R\u00e9servation<\/h3>\n<p>festivalvinovoce@gmail.com ou sur place.<\/p>\n<h3 style=\"text-align: justify;\">Liens<\/h3>\n<ul>\n<li style=\"font-weight: inherit; font-style: inherit;\"><a style=\"font-family: sans-serif; font-size: medium; font-style: normal; font-variant: normal; line-height: normal;\" href=\"https:\/\/www.facebook.com\/festivalvinovoce\/timeline\" target=\"_blank\">Page Facebook de Vino Voce<\/a><\/li>\n<li style=\"font-weight: inherit; font-style: inherit;\"><a style=\"font-family: sans-serif; font-size: medium; font-style: normal; font-variant: normal; line-height: normal; text-align: justify;\" href=\"http:\/\/goo.gl\/mMWbpw\" target=\"_blank\">Interview de Fran\u00e7ois des Ligneris sur C\u00f4t\u00e9 Ch\u00e2teaux<\/a><span style=\"text-align: justify;\">,\u00a0<\/span><span style=\"text-align: justify;\">blog du vin par Jean-Pierre Stahl, journaliste sp\u00e9cialis\u00e9 viticulture \u00e0 France 3 Aquitaine.\u00a0<\/span><\/li>\n<\/ul>\n<h3 style=\"font-weight: 300;\">Le programme complet<\/h3>\n<iframe src=\"\/\/docs.google.com\/viewer?url=http%3A%2F%2Fwww.cepdivin.org%2Fwp-content%2Fuploads%2F2014%2F08%2Fvino-voce-2014-programme.pdf&hl=fr&embedded=true\" class=\"gde-frame\" style=\"width:100%; height:500px; border: none;\" scrolling=\"no\"><\/iframe>\n<p class=\"gde-text\"><a href=\"http:\/\/www.cepdivin.org\/wp-content\/uploads\/2014\/08\/vino-voce-2014-programme.pdf\" class=\"gde-link\">T\u00e9l\u00e9charger (PDF, 1.31Mo)<\/a><\/p>","excerpt":"","slug":"festival-vino-voce","image":{"url":"https:\/\/www.cepdivin.org\/wp-content\/uploads\/2014\/08\/vino-voce-2014-bandeau.jpg","id":3672,"extension":"jpg","width":1240,"height":397,"sizes":{"thumbnail":{"width":150,"height":150,"mime-type":"image\/jpeg","url":"https:\/\/www.cepdivin.org\/wp-content\/uploads\/2014\/08\/vino-voce-2014-bandeau-150x150.jpg"},"medium":{"width":300,"height":96,"mime-type":"image\/jpeg","url":"https:\/\/www.cepdivin.org\/wp-content\/uploads\/2014\/08\/vino-voce-2014-bandeau-300x96.jpg"},"large":{"width":1024,"height":327,"mime-type":"image\/jpeg","url":"https:\/\/www.cepdivin.org\/wp-content\/uploads\/2014\/08\/vino-voce-2014-bandeau-1024x327.jpg"},"wysija-newsletters-max":{"width":600,"height":192,"mime-type":"image\/jpeg","url":"https:\/\/www.cepdivin.org\/wp-content\/uploads\/2014\/08\/vino-voce-2014-bandeau-600x192.jpg"},"slider-thumb":{"width":1140,"height":395,"mime-type":"image\/jpeg","url":"https:\/\/www.cepdivin.org\/wp-content\/uploads\/2014\/08\/vino-voce-2014-bandeau-1140x395.jpg"},"blog-thumb":{"width":700,"height":224,"mime-type":"image\/jpeg","url":"https:\/\/www.cepdivin.org\/wp-content\/uploads\/2014\/08\/vino-voce-2014-bandeau-700x224.jpg"},"teaser-thumb":{"width":332,"height":106,"mime-type":"image\/jpeg","url":"https:\/\/www.cepdivin.org\/wp-content\/uploads\/2014\/08\/vino-voce-2014-bandeau-332x106.jpg"},"gallery-1-thumb":{"width":432,"height":397,"mime-type":"image\/jpeg","url":"https:\/\/www.cepdivin.org\/wp-content\/uploads\/2014\/08\/vino-voce-2014-bandeau-432x397.jpg"},"gallery-2-thumb":{"width":268,"height":268,"mime-type":"image\/jpeg","url":"https:\/\/www.cepdivin.org\/wp-content\/uploads\/2014\/08\/vino-voce-2014-bandeau-268x268.jpg"},"gallery-3-thumb":{"width":268,"height":164,"mime-type":"image\/jpeg","url":"https:\/\/www.cepdivin.org\/wp-content\/uploads\/2014\/08\/vino-voce-2014-bandeau-268x164.jpg"},"image-thumb":{"width":700,"height":224,"mime-type":"image\/jpeg","url":"https:\/\/www.cepdivin.org\/wp-content\/uploads\/2014\/08\/vino-voce-2014-bandeau-700x224.jpg"},"video-thumb":{"width":700,"height":393,"mime-type":"image\/jpeg","url":"https:\/\/www.cepdivin.org\/wp-content\/uploads\/2014\/08\/vino-voce-2014-bandeau-700x393.jpg"}}},"all_day":true,"start_date":"2014-09-12 00:00:00","start_date_details":{"year":"2014","month":"09","day":"12","hour":"00","minutes":"00","seconds":"00"},"end_date":"2014-09-14 23:59:59","end_date_details":{"year":"2014","month":"09","day":"14","hour":"23","minutes":"59","seconds":"59"},"utc_start_date":null,"utc_start_date_details":{"year":"1970","month":"01","day":"01","hour":"00","minutes":"00","seconds":"00"},"utc_end_date":null,"utc_end_date_details":{"year":"1970","month":"01","day":"01","hour":"00","minutes":"00","seconds":"00"},"timezone":"","timezone_abbr":"","cost":"","cost_details":{"currency_symbol":"$","currency_code":"","currency_position":"prefix","values":[]},"website":"https:\/\/www.facebook.com\/festivalvinovoce\/timeline","show_map":true,"show_map_link":true,"hide_from_listings":false,"sticky":false,"featured":false,"categories":[{"name":"Festivals, salons","slug":"festival-2","term_group":0,"term_taxonomy_id":255,"taxonomy":"tribe_events_cat","description":"","parent":0,"count":16,"filter":"raw","id":305,"urls":{"self":"https:\/\/www.cepdivin.org\/index.php?rest_route=\/tribe\/events\/v1\/categories\/305","collection":"https:\/\/www.cepdivin.org\/index.php?rest_route=\/tribe\/events\/v1\/categories"}}],"tags":[{"name":"art","slug":"art","term_group":0,"term_taxonomy_id":13,"taxonomy":"post_tag","description":"","parent":0,"count":58,"filter":"raw","id":282,"urls":{"self":"https:\/\/www.cepdivin.org\/index.php?rest_route=\/tribe\/events\/v1\/tags\/282","collection":"https:\/\/www.cepdivin.org\/index.php?rest_route=\/tribe\/events\/v1\/tags"}},{"name":"festival","slug":"festival","term_group":0,"term_taxonomy_id":277,"taxonomy":"post_tag","description":"","parent":0,"count":2,"filter":"raw","id":289,"urls":{"self":"https:\/\/www.cepdivin.org\/index.php?rest_route=\/tribe\/events\/v1\/tags\/289","collection":"https:\/\/www.cepdivin.org\/index.php?rest_route=\/tribe\/events\/v1\/tags"}},{"name":"Fran\u00e7ois des Ligneris","slug":"francois-des-ligneris","term_group":0,"term_taxonomy_id":92,"taxonomy":"post_tag","description":"","parent":0,"count":5,"filter":"raw","id":307,"urls":{"self":"https:\/\/www.cepdivin.org\/index.php?rest_route=\/tribe\/events\/v1\/tags\/307","collection":"https:\/\/www.cepdivin.org\/index.php?rest_route=\/tribe\/events\/v1\/tags"}},{"name":"Saint-Emilion","slug":"saint-emilion","term_group":0,"term_taxonomy_id":220,"taxonomy":"post_tag","description":"","parent":0,"count":13,"filter":"raw","id":320,"urls":{"self":"https:\/\/www.cepdivin.org\/index.php?rest_route=\/tribe\/events\/v1\/tags\/320","collection":"https:\/\/www.cepdivin.org\/index.php?rest_route=\/tribe\/events\/v1\/tags"}}],"venue":{"id":3683,"author":"4","status":"publish","date":"2014-08-31 20:40:31","date_utc":"2014-08-31 18:40:31","modified":"2014-08-31 20:40:31","modified_utc":"2014-08-31 18:40:31","url":"https:\/\/www.cepdivin.org\/?tribe_venue=salle-non-nommee","venue":"Salle non nomm\u00e9e","slug":"salle-non-nommee","city":"Saint-Emilion","country":"France","zip":"33330","json_ld":{"@type":"Place","name":"Salle non nomm\u00e9e","description":"","url":"","address":{"@type":"PostalAddress","addressLocality":"Saint-Emilion","postalCode":"33330","addressCountry":"France"},"telephone":"","sameAs":""},"show_map":true,"show_map_link":true,"global_id":"www.cepdivin.org?id=3683","global_id_lineage":["www.cepdivin.org?id=3683"]},"organizer":[{"id":3682,"author":"4","status":"publish","date":"2014-08-31 20:40:26","date_utc":"2014-08-31 18:40:26","modified":"2014-08-31 20:40:26","modified_utc":"2014-08-31 18:40:26","url":"https:\/\/www.cepdivin.org\/?tribe_organizer=unnamed-organizer","organizer":"Unnamed Organizer","slug":"unnamed-organizer","website":"https:\/\/www.facebook.com\/festivalvinovoce\/timeline","email":"festivalvinovoce@gmail.com","json_ld":{"@type":"Person","name":"Unnamed Organizer","description":"","url":"https:\/\/www.facebook.com\/festivalvinovoce\/timeline","telephone":"","email":"&#102;est&#105;v&#97;lvi&#110;o&#118;&#111;ce&#64;&#103;&#109;&#97;&#105;&#108;&#46;&#99;&#111;&#109;","sameAs":"https:\/\/www.facebook.com\/festivalvinovoce\/timeline"},"global_id":"www.cepdivin.org?id=3682","global_id_lineage":["www.cepdivin.org?id=3682"]}],"custom_fields":[],"json_ld":{"@context":"http:\/\/schema.org","@type":"Event","name":"Festival | Vino Voce","description":"&lt;p&gt;Toutes les voix sous toutes les formes. La premi\u00e8re \u00e9dition du festival de la voix\u00a0Vino voce, qui se tiendra \u00e0 Saint-Emilion du 12 au 14 septembre 2014, est parrain\u00e9e par l\u2019acteur Michael\u00a0Lonsdale\u00a0et le contre-t\u00e9nor Philippe Jaroussky. Mettant en sc\u00e8ne\u00a0la voix sous toutes ses formes\u00a0: de la voix chant\u00e9e \u00e0 la &#8230;&lt;\/p&gt;\\n","image":"https:\/\/www.cepdivin.org\/wp-content\/uploads\/2014\/08\/vino-voce-2014-bandeau.jpg","url":"https:\/\/www.cepdivin.org\/?tribe_events=festival-vino-voce","eventAttendanceMode":"https:\/\/schema.org\/OfflineEventAttendanceMode","eventStatus":"https:\/\/schema.org\/EventScheduled","startDate":"2014-09-12T00:00:00+02:00","endDate":"2014-09-14T23:59:59+02:00","location":{"@type":"Place","name":"Salle non nomm\u00e9e","description":"","url":"","address":{"@type":"PostalAddress","addressLocality":"Saint-Emilion","postalCode":"33330","addressCountry":"France"},"telephone":"","sameAs":""},"organizer":{"@type":"Person","name":"Unnamed Organizer","description":"","url":"https:\/\/www.facebook.com\/festivalvinovoce\/timeline","telephone":"","email":"&#102;&#101;&#115;tiv&#97;&#108;v&#105;n&#111;v&#111;&#99;&#101;&#64;g&#109;&#97;&#105;&#108;&#46;com","sameAs":"https:\/\/www.facebook.com\/festivalvinovoce\/timeline"},"performer":"Organization"}}